{"id":189931,"date":"2026-05-28T23:14:20","date_gmt":"2026-05-28T23:14:20","guid":{"rendered":"https:\/\/www.europesays.com\/ee\/189931\/"},"modified":"2026-05-28T23:14:20","modified_gmt":"2026-05-28T23:14:20","slug":"crystal-palace-lisas-auhinnakappi-konverentsiliiga-karika-jalgpall","status":"publish","type":"post","link":"https:\/\/www.europesays.com\/ee\/189931\/","title":{"rendered":"Crystal Palace lisas auhinnakappi Konverentsiliiga karika | Jalgpall"},"content":{"rendered":"<p>Inglismaa jalgpalliklubi Crystal Palace v\u00f5itis kolmap\u00e4eva \u00f5htul klubi ajaloo esimese eurokarika, kui alistas Leipzigis toimunud Konverentsiliiga finaalm\u00e4ngus Rayo Vallecano.<\/p>\n<p>Palace alustas tugevuselt kolmanda eurosarja finaalm\u00e4ngu tempokalt, aga kumbki tiim avapoolajal t\u00f5eliselt ohtlikku olukorda ei tekitanudki. Teisel poolajal l\u00e4ks see-eest vaja vaid kuut minutit, kui Jean-Philippe Mateta \u00f5igel ajal \u00f5iges kohas oli ning palli Hispaania klubi v\u00e4ravasse l\u00f5i. Palace survestas seej\u00e4rel edasi ning sai veel v\u00f5imalusi, kuid v\u00e4ravalisa ei s\u00fcndinud ja Inglismaa klubi v\u00f5itis esimest korda klubi ajaloos eurosarja.<\/p>\n<p>T\u00e4navu Premier League&#8217;is 15. koha saanud Crystal Palace v\u00f5itis hooaja alguses superkarika ning v\u00f5idutses mullu ka kodustel karikav\u00f5istlustel. Enne peatreener Oliver Glasneri saabumist 2024. aasta veebruaris oli klubi auhinnakapp sisuliselt t\u00fchi, kuid austerlane l\u00e4ks aasta alguses klubi juhatusega t\u00fclli ning lahkub klubi juurest.<\/p>\n<p>&#8220;Ma hindan neid m\u00e4ngijaid nii palju. V\u00f5iksin teha uskumatuid trikke, aga m\u00e4ngijateta ei juhtuks midagi. Nemad v\u00e4\u00e4rivad tunnustust, sest peavad mind usaldama ja k\u00f5vasti t\u00f6\u00f6tama. Nad \u00fctleksid k\u00f5ik, et n\u00f5udsin neilt palju. Aga nad teavad, et tahtsin neile ainult parimat,&#8221; r\u00e4\u00e4kis Glaser p\u00e4rast viimast v\u00f5itu Palace&#8217;i treenerina. &#8220;See oli tore peat\u00fckk Crystal Palace&#8217;i ajaloos, aga veelgi paremad ajad on ees.&#8221;<\/p>\n<p>Inglismaa klubidel on sel hooajal v\u00f5imalik v\u00f5tta eurosarjade kolmikv\u00f5it, sest lisaks Palace&#8217;ile v\u00f5idutses Aston Villa Euroopa liigas. K\u00f5ige keerulisem v\u00e4ljakutse ootab aga ees, sest Londoni Arsenal l\u00e4heb laup\u00e4eva \u00f5htul Meistrite liiga finaalis vastamisi Pariisi Saint-Germainiga.<\/p>\n<blockquote class=\"twitter-tweet\">\n<p lang=\"en\" dir=\"ltr\">Thank you for everything, Oliver  <a href=\"https:\/\/t.co\/78K71ztXdZ\" rel=\"nofollow\">pic.twitter.com\/78K71ztXdZ<\/a><\/p>\n<p>\u2014 Crystal Palace F.C. (@CPFC) <a href=\"https:\/\/x.com\/CPFC\/status\/2059786733823447423?ref_src=twsrc%5Etfw\" rel=\"nofollow\">May 28, 2026<\/a><\/p><\/blockquote>\n<p><script async src=\"https:\/\/platform.twitter.com\/widgets.js\" charset=\"utf-8\"><\/script><\/p>\n","protected":false},"excerpt":{"rendered":"Inglismaa jalgpalliklubi Crystal Palace v\u00f5itis kolmap\u00e4eva \u00f5htul klubi ajaloo esimese eurokarika, kui alistas Leipzigis toimunud Konverentsiliiga finaalm\u00e4ngus Rayo&hellip;\n","protected":false},"author":2,"featured_media":189932,"comment_status":"","ping_status":"","sticky":false,"template":"","format":"standard","meta":{"footnotes":"","_share_on_mastodon":"0"},"categories":[18],"tags":[1099,37,33,35,34,36,7526,1748,159,158],"class_list":["post-189931","post","type-post","status-publish","format-standard","has-post-thumbnail","category-sport","tag-crystal-palace","tag-ee","tag-eesti","tag-eesti-keel","tag-estonia","tag-estonian","tag-jalgpalli-konverentsiliiga","tag-rayo-vallecano","tag-sport","tag-sports"],"share_on_mastodon":{"url":"https:\/\/pubeurope.com\/@ee\/116654746357207701","error":""},"_links":{"self":[{"href":"https:\/\/www.europesays.com\/ee\/wp-json\/wp\/v2\/posts\/189931","targetHints":{"allow":["GET"]}}],"collection":[{"href":"https:\/\/www.europesays.com\/ee\/wp-json\/wp\/v2\/posts"}],"about":[{"href":"https:\/\/www.europesays.com\/ee\/wp-json\/wp\/v2\/types\/post"}],"author":[{"embeddable":true,"href":"https:\/\/www.europesays.com\/ee\/wp-json\/wp\/v2\/users\/2"}],"replies":[{"embeddable":true,"href":"https:\/\/www.europesays.com\/ee\/wp-json\/wp\/v2\/comments?post=189931"}],"version-history":[{"count":0,"href":"https:\/\/www.europesays.com\/ee\/wp-json\/wp\/v2\/posts\/189931\/revisions"}],"wp:featuredmedia":[{"embeddable":true,"href":"https:\/\/www.europesays.com\/ee\/wp-json\/wp\/v2\/media\/189932"}],"wp:attachment":[{"href":"https:\/\/www.europesays.com\/ee\/wp-json\/wp\/v2\/media?parent=189931"}],"wp:term":[{"taxonomy":"category","embeddable":true,"href":"https:\/\/www.europesays.com\/ee\/wp-json\/wp\/v2\/categories?post=189931"},{"taxonomy":"post_tag","embeddable":true,"href":"https:\/\/www.europesays.com\/ee\/wp-json\/wp\/v2\/tags?post=189931"}],"curies":[{"name":"wp","href":"https:\/\/api.w.org\/{rel}","templated":true}]}}