{"id":190030,"date":"2026-05-29T04:46:36","date_gmt":"2026-05-29T04:46:36","guid":{"rendered":"https:\/\/www.europesays.com\/ee\/190030\/"},"modified":"2026-05-29T04:46:36","modified_gmt":"2026-05-29T04:46:36","slug":"merlyn-uuskula-lukkab-umber-tema-kohta-ringlevad-kuulujutud-mul-ei-ole-selle-ravimiga-seost","status":"publish","type":"post","link":"https:\/\/www.europesays.com\/ee\/190030\/","title":{"rendered":"Merlyn Uusk\u00fcla l\u00fckkab \u00fcmber tema kohta ringlevad kuulujutud: mul ei ole selle ravimiga seost!"},"content":{"rendered":"<p>Sky Plusi saatejuht <a rel=\"noopener nofollow\" target=\"_blank\" href=\"https:\/\/www.delfi.ee\/teema\/1080\/alari-kivisaar\" tag-id=\"1080\">Alari Kivisaar<\/a> k\u00fcsis Uusk\u00fclalt otse, kas lauljatar on k\u00e4inud maov\u00e4hendusoperatsioonil v\u00f5i kasutanud kaalulangetuseks m\u00f5eldud s\u00fcste. \u201eInimesed arvavad ju. Inimesed arvavad, et ma olen k\u00e4inud ka maov\u00e4hendust tegemas,\u201c selgitas Kivisaar oma otsekohese k\u00fcsimuse tagamaid.<\/p>\n<p>Uusk\u00fcla eitas operatsioonil k\u00e4imist ja kaalulangetuseks m\u00f5eldud ravimite kasutamist. \u201eMe v\u00f5ime <a rel=\"noopener nofollow\" target=\"_blank\" href=\"https:\/\/www.delfi.ee\/teema\/96852900\/ozempic\" tag-id=\"96852900\">Ozempicu<\/a> teemast r\u00e4\u00e4kida. See on \u00fcks, mida inimesed arvavad: \u201eOo, ta tegi Ozempicut!\u201c See on nii tavaline t\u00e4nap\u00e4eval,\u201c \u00fctles Uusk\u00fcla raadioeetris. \u201eMa v\u00f5in uudishimu v\u00e4hendamiseks \u00f6elda, et minul ei ole selle ravimiga seost, ma ei ole seda teinud.\u201c<\/p>\n<p>Kuidas tema muutumine siis tegelikult k\u00e4is? \u201eSuurem muutus sai alguse sellest, et tundsin 2024. aasta detsembris, et ma enam ei suuda seda elustiili j\u00e4tkata, see t\u00e4hendab lasteaias k\u00e4iva lapse k\u00f5rvalt harrastada \u00f6\u00f6artisti elu,\u201c meenutas ta hetke, mil k\u00f5ik muutus. Enne seda oli ta pidevalt magamata, n\u00e4dalavahetustel sai pea padjale ainult m\u00f5neks tunniks. Loomulikult soodustas selline elustiil ka alkoholi joomist ja \u00f6iseid s\u00f6\u00f6misi. <\/p>\n<p>\u201eKui sul on v\u00e4ike laps, kes on kell kaheksa hommikul k\u00f5psti sinu voodis, sest tema ju ei tea, et sa oled \u00f6\u00f6 l\u00e4bi kuskil olnud\u2026 Siis ongi see, et n\u00e4dalast n\u00e4dalasse, kuust kuusse, aastast aastasse see asi roteerub. Sa tunned, et sa lihtsalt enam ei jaksa,\u201c t\u00f5des ta. \u201eK\u00f5ik esmasp\u00e4evad olid sinised, enam-v\u00e4hem kolmap\u00e4evaks sain inimeseks.\u201c<\/p>\n<p>M\u00f5istes, et nii ei saa j\u00e4tkata, t\u00f5mbas ta \u00f6iseid esinemisi koomale. \u201eSellega hakkas kaasnema see, et ma hakkasin alla v\u00f5tma,\u201c meenutas ta. K\u00f5ik kalorid \u00f6iste s\u00f6\u00f6miste ja alkoholi pealt j\u00e4id \u00e4kitselt tarbimata. <\/p>\n<p>Kuidas see lugu Sind end tundma pani? Saada <a href=\"https:\/\/kroonika.delfi.ee\/artikkel\/120586851\/merlyn-uuskula-lukkab-umber-tema-kohta-ringlevad-kuulujutud-mul-ei-ole-selle-ravimiga-seost\/kommentaarid\" class=\"article-body-bottom__comment article-body-bottom__comment--write button button--primary button--size-auto\" rel=\"nofollow noopener\" target=\"_blank\"> Kommenteeri <\/a><a href=\"https:\/\/kroonika.delfi.ee\/artikkel\/120586851\/merlyn-uuskula-lukkab-umber-tema-kohta-ringlevad-kuulujutud-mul-ei-ole-selle-ravimiga-seost\/kommentaarid\" class=\"article-body-bottom__comment article-body-bottom__comment--read button button--size-auto\" rel=\"nofollow noopener\" target=\"_blank\"> Loe kommentaare (11)<\/a><\/p>\n","protected":false},"excerpt":{"rendered":"Sky Plusi saatejuht Alari Kivisaar k\u00fcsis Uusk\u00fclalt otse, kas lauljatar on k\u00e4inud maov\u00e4hendusoperatsioonil v\u00f5i kasutanud kaalulangetuseks m\u00f5eldud s\u00fcste.&hellip;\n","protected":false},"author":2,"featured_media":190031,"comment_status":"","ping_status":"","sticky":false,"template":"","format":"standard","meta":{"footnotes":"","_share_on_mastodon":"0"},"categories":[80],"tags":[955,26,27,37,33,35,34,36,31,32,21,28,29,95,3745,19,3401,25,23,24,22,20,30,92,93,94],"class_list":["post-190030","post","type-post","status-publish","format-standard","has-post-thumbnail","category-maailm","tag-alari-kivisaar","tag-breaking-news","tag-breakingnews","tag-ee","tag-eesti","tag-eesti-keel","tag-estonia","tag-estonian","tag-featured-news","tag-featurednews","tag-headlines","tag-latest-news","tag-latestnews","tag-maailm","tag-merlyn-uuskula","tag-news","tag-ozempic","tag-populaarseimad-lood","tag-top-stories","tag-topstories","tag-uldised-uudised","tag-uudised","tag-viimased-uudised","tag-world","tag-world-news","tag-worldnews"],"share_on_mastodon":{"url":"https:\/\/pubeurope.com\/@ee\/116656051652522803","error":""},"_links":{"self":[{"href":"https:\/\/www.europesays.com\/ee\/wp-json\/wp\/v2\/posts\/190030","targetHints":{"allow":["GET"]}}],"collection":[{"href":"https:\/\/www.europesays.com\/ee\/wp-json\/wp\/v2\/posts"}],"about":[{"href":"https:\/\/www.europesays.com\/ee\/wp-json\/wp\/v2\/types\/post"}],"author":[{"embeddable":true,"href":"https:\/\/www.europesays.com\/ee\/wp-json\/wp\/v2\/users\/2"}],"replies":[{"embeddable":true,"href":"https:\/\/www.europesays.com\/ee\/wp-json\/wp\/v2\/comments?post=190030"}],"version-history":[{"count":0,"href":"https:\/\/www.europesays.com\/ee\/wp-json\/wp\/v2\/posts\/190030\/revisions"}],"wp:featuredmedia":[{"embeddable":true,"href":"https:\/\/www.europesays.com\/ee\/wp-json\/wp\/v2\/media\/190031"}],"wp:attachment":[{"href":"https:\/\/www.europesays.com\/ee\/wp-json\/wp\/v2\/media?parent=190030"}],"wp:term":[{"taxonomy":"category","embeddable":true,"href":"https:\/\/www.europesays.com\/ee\/wp-json\/wp\/v2\/categories?post=190030"},{"taxonomy":"post_tag","embeddable":true,"href":"https:\/\/www.europesays.com\/ee\/wp-json\/wp\/v2\/tags?post=190030"}],"curies":[{"name":"wp","href":"https:\/\/api.w.org\/{rel}","templated":true}]}}