{"id":190175,"date":"2026-05-29T08:01:07","date_gmt":"2026-05-29T08:01:07","guid":{"rendered":"https:\/\/www.europesays.com\/ee\/190175\/"},"modified":"2026-05-29T08:01:07","modified_gmt":"2026-05-29T08:01:07","slug":"linnavalitsusel-on-napud-pohjas-korjavad-vanarauda-esimene-putukavaila-elektrimast-voeti-maha","status":"publish","type":"post","link":"https:\/\/www.europesays.com\/ee\/190175\/","title":{"rendered":"\u201eLinnavalitsusel on n\u00e4pud p\u00f5hjas, korjavad vanarauda.\u201c Esimene Putukav\u00e4ila elektrimast v\u00f5eti maha"},"content":{"rendered":"<p>Talvel tegi Tallinna linnavalitsus l\u00f5pliku otsuse, et Putukav\u00e4ila elektrimastid lammutatakse. Siis \u00f6eldi, et Elering kavatseb mastid lammutada suve teises pooles. <\/p>\n<p>Neljap\u00e4eval selgus, et \u00fcks mast on p\u00f5him\u00f5tteliselt \u00fcle\u00f6\u00f6 juba poolenisti maha v\u00f5etud. Eleringi juhatuse liige Reigo Kebja r\u00e4\u00e4kis Delfile, et demonteerimise projekt koosk\u00f5lastati linnaga aprillis-mais ning t\u00f6\u00f6de alustamise ajaks on m\u00e4rgitud mai l\u00f5pp. Algne prognoos, et t\u00f6\u00f6d algavad suvel, l\u00e4htus Kebja s\u00f5nul eeldusest, et koosk\u00f5lastus linnaga v\u00f5tab aega. Tegelikult l\u00e4ks menetlus arvatust m\u00e4rksa kiiremini. <\/p>\n<p>Oled juba tellija?Logi sisse<\/p>\n<p><a href=\"https:\/\/www.delfi.ee\/artikkel\/120587157\/linnavalitsusel-on-napud-pohjas-korjavad-vanarauda-esimene-putukavaila-elektrimast-voeti-maha\/kommentaarid\" class=\"article-body-bottom__comment article-body-bottom__comment--write button button--primary button--size-auto\" rel=\"nofollow noopener\" target=\"_blank\"> Kommenteeri <\/a><a href=\"https:\/\/www.delfi.ee\/artikkel\/120587157\/linnavalitsusel-on-napud-pohjas-korjavad-vanarauda-esimene-putukavaila-elektrimast-voeti-maha\/kommentaarid\" class=\"article-body-bottom__comment article-body-bottom__comment--read button button--size-auto\" rel=\"nofollow noopener\" target=\"_blank\"> Loe kommentaare (8)<\/a><\/p>\n","protected":false},"excerpt":{"rendered":"Talvel tegi Tallinna linnavalitsus l\u00f5pliku otsuse, et Putukav\u00e4ila elektrimastid lammutatakse. Siis \u00f6eldi, et Elering kavatseb mastid lammutada suve&hellip;\n","protected":false},"author":2,"featured_media":190176,"comment_status":"","ping_status":"","sticky":false,"template":"","format":"standard","meta":{"footnotes":"","_share_on_mastodon":"0"},"categories":[12],"tags":[26,27,37,33,35,34,36,31,32,21,28,29,19,25,41770,23,24,22,20,30],"class_list":["post-190175","post","type-post","status-publish","format-standard","has-post-thumbnail","category-eesti","tag-breaking-news","tag-breakingnews","tag-ee","tag-eesti","tag-eesti-keel","tag-estonia","tag-estonian","tag-featured-news","tag-featurednews","tag-headlines","tag-latest-news","tag-latestnews","tag-news","tag-populaarseimad-lood","tag-putukavail","tag-top-stories","tag-topstories","tag-uldised-uudised","tag-uudised","tag-viimased-uudised"],"share_on_mastodon":{"url":"https:\/\/pubeurope.com\/@ee\/116656818522510001","error":""},"_links":{"self":[{"href":"https:\/\/www.europesays.com\/ee\/wp-json\/wp\/v2\/posts\/190175","targetHints":{"allow":["GET"]}}],"collection":[{"href":"https:\/\/www.europesays.com\/ee\/wp-json\/wp\/v2\/posts"}],"about":[{"href":"https:\/\/www.europesays.com\/ee\/wp-json\/wp\/v2\/types\/post"}],"author":[{"embeddable":true,"href":"https:\/\/www.europesays.com\/ee\/wp-json\/wp\/v2\/users\/2"}],"replies":[{"embeddable":true,"href":"https:\/\/www.europesays.com\/ee\/wp-json\/wp\/v2\/comments?post=190175"}],"version-history":[{"count":0,"href":"https:\/\/www.europesays.com\/ee\/wp-json\/wp\/v2\/posts\/190175\/revisions"}],"wp:featuredmedia":[{"embeddable":true,"href":"https:\/\/www.europesays.com\/ee\/wp-json\/wp\/v2\/media\/190176"}],"wp:attachment":[{"href":"https:\/\/www.europesays.com\/ee\/wp-json\/wp\/v2\/media?parent=190175"}],"wp:term":[{"taxonomy":"category","embeddable":true,"href":"https:\/\/www.europesays.com\/ee\/wp-json\/wp\/v2\/categories?post=190175"},{"taxonomy":"post_tag","embeddable":true,"href":"https:\/\/www.europesays.com\/ee\/wp-json\/wp\/v2\/tags?post=190175"}],"curies":[{"name":"wp","href":"https:\/\/api.w.org\/{rel}","templated":true}]}}