{"id":190231,"date":"2026-05-29T09:17:09","date_gmt":"2026-05-29T09:17:09","guid":{"rendered":"https:\/\/www.europesays.com\/ee\/190231\/"},"modified":"2026-05-29T09:17:09","modified_gmt":"2026-05-29T09:17:09","slug":"uus-paljastus-putini-pojad-peavad-oskama-voorkeeli-nagu-haritud-eurooplased-aga-lgbt-teemasid-ei-tohi-nendega-puudutada","status":"publish","type":"post","link":"https:\/\/www.europesays.com\/ee\/190231\/","title":{"rendered":"Uus paljastus: Putini pojad peavad oskama v\u00f5\u00f5rkeeli nagu haritud eurooplased, aga LGBT-teemasid ei tohi nendega puudutada"},"content":{"rendered":"<p>Putini poegadel Ivanil (s\u00fcndinud 2015. aastal) ja Vladimiril (s\u00fcndinud 2019. aastal) oli 2026. aasta alguse seisuga v\u00e4hemalt kolm guvernanti: <a rel=\"noopener nofollow\" target=\"_blank\" href=\"https:\/\/www.delfi.ee\/teema\/56938088\/bosnia-ja-hertsegoviina\" tag-id=\"56938088\">Bosnia ja Hertsegoviina<\/a> kodanik Sofija B., <a rel=\"noopener nofollow\" target=\"_blank\" href=\"https:\/\/www.delfi.ee\/teema\/23342327\/saksamaa\" tag-id=\"23342327\">Saksamaa<\/a> kodanik Irene E. ja L\u00f5una-Aafrika Vabariigi kodanik Carol R. Mais otsustas viimane teadmata p\u00f5hjustel lahkuda, teatas Sistema.<\/p>\n<p>Tasu arvestatakse Putini lastega t\u00f6\u00f6tavale personalile individuaalselt, s\u00f5ltuvalt t\u00f6\u00f6tundidest. Ametlikult on guvernandid vormistatud Putini l\u00e4hedase s\u00f5bra Juri Kovalt\u0161uki ja t\u00fctre Maria Vorontsovaga seotud rahvusvahelise meditsiinikeskuse Sogaz professionaalse ettevalmistuse instituudi juhtivt\u00f5lkideks. See annab neile v\u00f5imaluse saada viisasid ja t\u00f6\u00f6lube Venemaal k\u00f5rgelt kvalifitseeritud spetsialistidena.<\/p>\n<p>Lepingutes on t\u00f6\u00f6tasu 167 000 rubla (2020 eurot) ja \u00fclej\u00e4\u00e4nu makstakse preemiana. Osa tasust v\u00f5idakse maksta sularahas.<\/p>\n<p>Dokumendid, millega Sistema tutvus, puudutavad aastaid 2017-2026. Suurem osa on saadetud postkasti, mida kasutavad Kabajeva sugulased Olesja Fedina ja Jekaterina Golovat\u0161ova. Dokumentides ei mainita ei Putinit ega Kabajevat. Lapsi nimetatakse reeglina \u201eeestkostealusteks\u201c. \u00dches dokumendis 2019. aastast on aga \u201eeestkostealuse\u201c nimi mainitud \u2013 Ivan Fedin. Olesja Fedina poja nimi ei ole seejuures Ivan.<\/p>\n<p>Kokku on \u00fcheksa aasta jooksul Putini ja Kabajeva perekonnas t\u00f6\u00f6tanud umbes 20 \u00f5petajat. Tavaliselt tegeleb lapsega teatud ajaperioodil 4-6 inimest, kellest osa \u00fcheaegselt ja osa vahetustega. Muu hulgas on nende \u00fclesanne v\u00f5\u00f5rkeelte \u00f5petamine. Kolmeaastase Ivani tunniplaanis olid inglise ja saksa keel.<\/p>\n<p>Olesja Fedina \u00fctles dokumentide j\u00e4rgi 2019. aastal guvernantidele, et Ivan peab neljandaks eluaastaks olema pidevalt \u201ekeelevanni\u201c pandud. Tema inglise keel peab olema selline nagu haritud eurooplasel. Samasugused n\u00f5udmised olid ka saksa keele \u00f5petamisele.<\/p>\n<p>Sistema avaldas veel \u00fche n\u00f5udmise guvernantidele. Nende lepingusse oli kirjutatud: \u201eMitte kunagi suruda eestkostealusele peale oma religioosseid, poliitilisi ega ideoloogilisi vaateid. Mitte puudutada seksuaalsuhete ega seksuaalkasvatuse teemasid, koosk\u00f5lastamata seda eelnevalt t\u00f6\u00f6andjaga. Mitte mingil tingimusel puudutada LGBT-ga seotud teemasid.\u201c<\/p>\n<p>\u00d5petajate tervist j\u00e4lgiti hoolikalt. Enne t\u00f6\u00f6le v\u00f5tmist n\u00f5uti neilt l\u00e4bivaatust sellessamas Sogazi kliinikus ja reisilt tulles selle kordamist. Nakkushaigust v\u00f5i muud haigust, mis m\u00f5jutab t\u00f6\u00f6d \u00fcle kolme n\u00e4dala, peeti p\u00e4eva pealt vallandamise p\u00f5hjuseks.<\/p>\n<p>\u00d5petajad olid kohustatud kirjutama iga p\u00e4ev oma t\u00f6\u00f6st mitmelehek\u00fcljelisi aruandeid. \u201ePerekompleksist\u201c \u2013 Valdai residentsist \u2013 oli neil tihti keelatud lahkuda. Kirjavahetuses inglise keele \u00f5petaja Jane M.-iga p\u00f5hjendati seda 2022. aastal \u201ekarantiinitingimustega\u201c.<\/p>\n<p>Enamik dokumentides mainitud \u00f5petajatest, kes on Putini lastega t\u00f6\u00f6tanud, ei vastanud Sistema k\u00fcsimustele. Vaid \u00fcks \u00fctles, et t\u00f6\u00f6tas t\u00f5esti kolm kuud Venemaal, aga talle ei \u00f6eldud, kes on t\u00f6\u00f6andja. Ta lisas, et t\u00e4itis lihtsalt k\u00e4ske.<\/p>\n<p>Putini ja Kabajeva laste nimed ja s\u00fcnniajad avaldas varem keskus Dosje. Selle uuringu j\u00e4rgi elavad Ivan ja Vladimir peamiselt Valdai residentsis, millest kirjutas 2023. aastal \u00fcksikasjalikult v\u00e4ljaanne Projekt. Poistega tegelevad pidevalt guvernandid, lapsehoidjad ja treenerid. Ka Dosje teatas, et \u00f5petajad v\u00f5etakse t\u00f6\u00f6le Kovalt\u0161ukiga seotud kliinikute keti kaudu ja et personalit\u00f6\u00f6ga tegeleb Olesja Fedina.<\/p>\n<p>Kuidas see lugu Sind end tundma pani? Saada <a href=\"https:\/\/www.delfi.ee\/artikkel\/120587223\/uus-paljastus-putini-pojad-peavad-oskama-voorkeeli-nagu-haritud-eurooplased-aga-lgbt-teemasid-ei-tohi-nendega-puudutada\/kommentaarid\" class=\"article-body-bottom__comment article-body-bottom__comment--write button button--primary button--size-auto\" rel=\"nofollow noopener\" target=\"_blank\"> Kommenteeri <\/a><a href=\"https:\/\/www.delfi.ee\/artikkel\/120587223\/uus-paljastus-putini-pojad-peavad-oskama-voorkeeli-nagu-haritud-eurooplased-aga-lgbt-teemasid-ei-tohi-nendega-puudutada\/kommentaarid\" class=\"article-body-bottom__comment article-body-bottom__comment--read button button--size-auto\" rel=\"nofollow noopener\" target=\"_blank\"> Loe kommentaare (28)<\/a><\/p>\n","protected":false},"excerpt":{"rendered":"Putini poegadel Ivanil (s\u00fcndinud 2015. aastal) ja Vladimiril (s\u00fcndinud 2019. aastal) oli 2026. aasta alguse seisuga v\u00e4hemalt kolm&hellip;\n","protected":false},"author":2,"featured_media":190232,"comment_status":"","ping_status":"","sticky":false,"template":"","format":"standard","meta":{"footnotes":"","_share_on_mastodon":"0"},"categories":[80],"tags":[81866,11143,26,27,37,33,35,34,36,31,32,21,28,29,6719,95,19,25,51,23,24,22,20,96,30,661,92,93,94],"class_list":["post-190231","post","type-post","status-publish","format-standard","has-post-thumbnail","category-maailm","tag-alina-kabajeva","tag-bosnia-ja-hertsegoviina","tag-breaking-news","tag-breakingnews","tag-ee","tag-eesti","tag-eesti-keel","tag-estonia","tag-estonian","tag-featured-news","tag-featurednews","tag-headlines","tag-latest-news","tag-latestnews","tag-louna-aafrika-vabariik","tag-maailm","tag-news","tag-populaarseimad-lood","tag-saksamaa","tag-top-stories","tag-topstories","tag-uldised-uudised","tag-uudised","tag-venemaa","tag-viimased-uudised","tag-vladimir-putin","tag-world","tag-world-news","tag-worldnews"],"share_on_mastodon":{"url":"https:\/\/pubeurope.com\/@ee\/116657117475005188","error":""},"_links":{"self":[{"href":"https:\/\/www.europesays.com\/ee\/wp-json\/wp\/v2\/posts\/190231","targetHints":{"allow":["GET"]}}],"collection":[{"href":"https:\/\/www.europesays.com\/ee\/wp-json\/wp\/v2\/posts"}],"about":[{"href":"https:\/\/www.europesays.com\/ee\/wp-json\/wp\/v2\/types\/post"}],"author":[{"embeddable":true,"href":"https:\/\/www.europesays.com\/ee\/wp-json\/wp\/v2\/users\/2"}],"replies":[{"embeddable":true,"href":"https:\/\/www.europesays.com\/ee\/wp-json\/wp\/v2\/comments?post=190231"}],"version-history":[{"count":0,"href":"https:\/\/www.europesays.com\/ee\/wp-json\/wp\/v2\/posts\/190231\/revisions"}],"wp:featuredmedia":[{"embeddable":true,"href":"https:\/\/www.europesays.com\/ee\/wp-json\/wp\/v2\/media\/190232"}],"wp:attachment":[{"href":"https:\/\/www.europesays.com\/ee\/wp-json\/wp\/v2\/media?parent=190231"}],"wp:term":[{"taxonomy":"category","embeddable":true,"href":"https:\/\/www.europesays.com\/ee\/wp-json\/wp\/v2\/categories?post=190231"},{"taxonomy":"post_tag","embeddable":true,"href":"https:\/\/www.europesays.com\/ee\/wp-json\/wp\/v2\/tags?post=190231"}],"curies":[{"name":"wp","href":"https:\/\/api.w.org\/{rel}","templated":true}]}}