{"id":190312,"date":"2026-05-29T11:04:08","date_gmt":"2026-05-29T11:04:08","guid":{"rendered":"https:\/\/www.europesays.com\/ee\/190312\/"},"modified":"2026-05-29T11:04:08","modified_gmt":"2026-05-29T11:04:08","slug":"stsenaristide-gild-kuulutas-valja-esimese-stsenaariumikonkursi-voitjad-film","status":"publish","type":"post","link":"https:\/\/www.europesays.com\/ee\/190312\/","title":{"rendered":"Stsenaristide gild kuulutas v\u00e4lja esimese stsenaariumikonkursi v\u00f5itjad | Film"},"content":{"rendered":"<p>28. mail anti \u00fcle Eesti Stsenaristide Gildi korraldatud esimese eraldiseisva stsenaariumikonkursi auhinnad.<\/p>\n<p>V\u00f5istlus toimus kahes kategoorias. T\u00e4ispika m\u00e4ngufilmi puhul tuli esitada juhtlause ja stsenaarium, seriaali puhul hooaja kaare kirjeldus ja pilootosa stsenaarium. Kokku esitati konkursile 15 t\u00f6\u00f6d, nendest 8 filmi ja 7 sarja. T\u00f6\u00f6de esitamise t\u00e4htaeg oli 1. m\u00e4rts.\u00a0<\/p>\n<p>Filmistsenaariumi auhinna p\u00e4lvis Grete Rahi lugu nimega &#8220;Pool taevast p\u00f5leb&#8221;, auhinnaks 2000 eurot, mille pani v\u00e4lja Tallifornia. Sarja stsenaariumi v\u00f5itjaks kujunes projekt nimega &#8220;Udna,&#8221; mille autoriks on Katariina Libe, auhinnaks 1000 eurot Eesti Stsenaristide Gildi poolt.<\/p>\n<p>Filmit\u00f6\u00f6de finalistide hulgas olid veel Reeli Reinausi &#8220;Varastatud tulevik&#8221; ja Krista Jutti &#8220;Rippuda vee ja taeva vahel,&#8221; sarjade finaalis Liis Seina &#8220;K\u00f5ik on m\u00e4ngus&#8221; ja Kristiina Jalasto-Kallase &#8220;Patricia.&#8221;\u00a0Lisaks sai eriauhinna Krismar Rosin, kes v\u00f5itis n\u00e4dalase residentuuri Tallifornia L\u00e4\u00e4ne-Eesti metsamajakeses.\u00a0<\/p>\n<p><img decoding=\"async\" data-photo-id=\"3600046\" src=\"https:\/\/www.europesays.com\/ee\/wp-content\/uploads\/2026\/05\/3600046h4322t24.png\"\/>Sarja stsenaariumi v\u00f5itjaks kujunes projekt nimega &#8220;Udna,&#8221; mille autoriks on Katariina Libe Autor\/allikas: Eesti Stsenaristide Gild<\/p>\n<p>Stsenaariumeid hinnati kahes voorus. Esimene lugemine tehti Eesti Stsenaristide Gildi juhatuse liikmete Leana Jalukse ja Birk Rohelennu ning Gildi liikme ja stsenaristi Pilleriin Raudami poolt. L\u00f5pliku valiku tegi p\u00f5hi\u017e\u00fcrii. Filmistsenaariumeid hindasid filmilooja Rain Rannu (Tallifornia), produtsent Riina Sildos (Amrion), produtsent Johanna Maria Tamm (Stellar Film) ja stsenarist Laura Raud (Nafta Films). Seriaalide hulgast tegid valiku Toomas Luhats (TV3), Toomas Ili (Elisa) ja K\u00e4tlin Loogus (Telia).<\/p>\n<p>V\u00f5idufilmi puhul t\u00f5i Riina Sildos esile autori tugeva oskuse atmosf\u00e4\u00e4ri luua ning kirjeldas seda kui v\u00e4ga kinematograafilist\u00a0coming-of-age\u00a0ja esimese armastuse lugu. Birk Rohelennu arvates olid k\u00f5ik laekunud t\u00f6\u00f6d v\u00e4ga huvitavad ja oman\u00e4olised, &#8220;Udna&#8221; eristus oman\u00e4olise temaatika poolest ning oli tehniliselt v\u00e4ga h\u00e4sti kirjutatud.\u00a0<\/p>\n","protected":false},"excerpt":{"rendered":"28. mail anti \u00fcle Eesti Stsenaristide Gildi korraldatud esimese eraldiseisva stsenaariumikonkursi auhinnad. V\u00f5istlus toimus kahes kategoorias. T\u00e4ispika m\u00e4ngufilmi&hellip;\n","protected":false},"author":2,"featured_media":190313,"comment_status":"","ping_status":"","sticky":false,"template":"","format":"standard","meta":{"footnotes":"","_share_on_mastodon":"0"},"categories":[16],"tags":[37,33,35,81882,173,34,36,81883,41029,140,81884],"class_list":["post-190312","post","type-post","status-publish","format-standard","has-post-thumbnail","category-meelelahutus","tag-ee","tag-eesti","tag-eesti-keel","tag-eesti-stsenaristide-gild","tag-entertainment","tag-estonia","tag-estonian","tag-grete-rahi","tag-katariina-libe","tag-meelelahutus","tag-stsenaariumikonkurss"],"share_on_mastodon":{"url":"https:\/\/pubeurope.com\/@ee\/116657538253385297","error":""},"_links":{"self":[{"href":"https:\/\/www.europesays.com\/ee\/wp-json\/wp\/v2\/posts\/190312","targetHints":{"allow":["GET"]}}],"collection":[{"href":"https:\/\/www.europesays.com\/ee\/wp-json\/wp\/v2\/posts"}],"about":[{"href":"https:\/\/www.europesays.com\/ee\/wp-json\/wp\/v2\/types\/post"}],"author":[{"embeddable":true,"href":"https:\/\/www.europesays.com\/ee\/wp-json\/wp\/v2\/users\/2"}],"replies":[{"embeddable":true,"href":"https:\/\/www.europesays.com\/ee\/wp-json\/wp\/v2\/comments?post=190312"}],"version-history":[{"count":0,"href":"https:\/\/www.europesays.com\/ee\/wp-json\/wp\/v2\/posts\/190312\/revisions"}],"wp:featuredmedia":[{"embeddable":true,"href":"https:\/\/www.europesays.com\/ee\/wp-json\/wp\/v2\/media\/190313"}],"wp:attachment":[{"href":"https:\/\/www.europesays.com\/ee\/wp-json\/wp\/v2\/media?parent=190312"}],"wp:term":[{"taxonomy":"category","embeddable":true,"href":"https:\/\/www.europesays.com\/ee\/wp-json\/wp\/v2\/categories?post=190312"},{"taxonomy":"post_tag","embeddable":true,"href":"https:\/\/www.europesays.com\/ee\/wp-json\/wp\/v2\/tags?post=190312"}],"curies":[{"name":"wp","href":"https:\/\/api.w.org\/{rel}","templated":true}]}}