{"id":190344,"date":"2026-05-29T11:37:09","date_gmt":"2026-05-29T11:37:09","guid":{"rendered":"https:\/\/www.europesays.com\/ee\/190344\/"},"modified":"2026-05-29T11:37:09","modified_gmt":"2026-05-29T11:37:09","slug":"uue-muusika-reede-sadu-an-marlen-ariana-grande-paul-mccartney-jt-uue-muusika-reede","status":"publish","type":"post","link":"https:\/\/www.europesays.com\/ee\/190344\/","title":{"rendered":"Uue muusika reede: Sadu, An-Marlen, Ariana Grande, Paul McCartney jt | Uue muusika reede"},"content":{"rendered":"<p>Popidiot ja Kristel Eplik \u2013 &#8220;V\u00f5\u00f5ras linnas&#8221;<\/p>\n<p>V\u00e4rske singel on ansambli esimene eestikeelne lugu \u00fcle 16 aasta. Loo autorid on Matti Peura ja Rein Fuks, salvestas ja produtseeris Rein Fuks, miksis Erko Niit ning masterdas Lauri Liivak. Popidioti liikmete s\u00f5nul ei j\u00e4\u00e4 &#8220;V\u00f5\u00f5ras linnas&#8221; viimaseks eestikeelseks looks. &#8220;Lugusid on kogunenud juba omajagu,&#8221; s\u00f5nas ansambli kitarrist ja produtsent Rein Fuks, vihjates, et l\u00e4hiajal v\u00f5ib neilt veel eestikeelset uut muusikat oodata.<\/p>\n<p>Blix \u2013 &#8220;P\u00f5hjanael&#8221;<\/p>\n<p>2024. aastal esmakordselt kuulajate ette astunud Blixid on end n\u00e4itanud pidevalt eri k\u00fclgede alt, n\u00fc\u00fcd on aga nad arendanud oma kineetilise ja mitmen\u00e4olise tantsupopi nii tipptasemele, et v\u00f5iksid vabalt juba ka Kurbade Uudiste uksele koputada. Loo on kirjutanud Brianna Berens, produtseeris Aston Leetj\u00f5e, miksimise ja masterdamise eest vastutas Markus Palo.<\/p>\n<p>Liisi Koikson \u2013 &#8220;Endaga vii&#8221;<\/p>\n<p>Liisi Koiksoni uus singel &#8220;Endaga vii&#8221; kutsub kuulajaid hetkeks endaga kaasa kulgema, laskma lahti argip\u00e4eva kiirustamisest ja sisemisest saginast ning leidma selle keskel rahu. &#8220;Me elame tihti nii suures tempos, et unustame m\u00e4rgata seda, mis tegelikult oluline. &#8220;Endaga vii&#8221; on v\u00e4ike meeldetuletus v\u00f5tta hetk, m\u00e4rgata enda \u00fcmber olevat ilu ja elu v\u00e4ikeseid, kuid t\u00e4hendusrikkaid hetki,&#8221; kommenteeris Liisi Koikson.<\/p>\n<p>Sadu \u2013 &#8220;p \u00f5 u d&#8221;<\/p>\n<p>V\u00e4rske singel, mille s\u00f5nade ja muusika autor on Frederik K\u00fc\u00fcts, on muusikute s\u00f5nul lugu lootusest. &#8220;Oleme seda lugu n\u00fc\u00fcd juba m\u00f5nda aega kontsertidel m\u00e4nginud ja iga kord tundnud, kuidas see inimestele v\u00e4ga hinge poeb,&#8221; r\u00e4\u00e4kis b\u00e4ndi liige Sofia-Liis Liiv. Ka Sandra Sillamaa jaoks kannab lugu olulist emotsionaalset s\u00f5numit.&#8221;Me k\u00f5ik maadleme mingite asjadega ja rasked hetked on elu osa,&#8221; s\u00f5nas ta. &#8220;Loodame, et see lugu suudab sellistel hetkedel pakkuda tuge.&#8221;<\/p>\n<p>Bombillaz \u2013 &#8220;Saadame siili Aafrikasse&#8221;<\/p>\n<p>Maailmamuusikab\u00e4nd Bomillaz annab tuleval aastal v\u00e4lja uue, ansambli 20 tegutsemisaastat t\u00e4histava albumi &#8220;Rohep\u00f6\u00f6re&#8221;. V\u00e4rske singli keskmes on muusikute s\u00f5nul afrobeat&#8217;i r\u00fctmid, loo autor on Arno Kalbus, s\u00f5nad kirjutas Kill Kaare. Salvestas, miksis ja masterdas oma stuudios Peeter Salmela.<\/p>\n<p>Jarl \u2013 &#8220;TE_01&#8221;<\/p>\n<p>Eesti elektroonilise muusika produtsent Jarl andis v\u00e4lja oma esimese l\u00fchialbumi &#8220;Inital Movement&#8221;, mis liigub artisti s\u00f5nul techno, hardgroove&#8217;i ja trance&#8217;i m\u00f5jutustega klubimuusika vahel. L\u00fchialbumil, mis tasakaalustab klubilist funktsionaalsust isiklikuma ja introspektiivsema tunnetusega, on oluline koht produtsendi kinnitusel ka kontrastidel: valgus ja pimedus, liikumine ja kordus, ilu ja karedus.<\/p>\n<p>Andreas \u2013 &#8220;Die A Hero&#8221;<\/p>\n<p>Eesti laulja, laulukirjutaja ja produtsent Andreas Poom avaldas uue l\u00fchialbumi &#8220;Claw Marks&#8221;, mille on ta \u00fcksinda kirjutanud ja produtseerinud, muusikutest l\u00f6\u00f6vad kaasa veel kitarrist Siim Hendrik Saar ja trummar Patrick Alexander Staak. Andrease s\u00f5nul avab plaat viimase kahe aasta sisekaemust, avastust ja emotsionaalset ausust. &#8220;Me k\u00f5ik j\u00e4tame teineteisse silmale n\u00e4htamatuid j\u00e4lgi ja selle l\u00fchialbumi kirjutamise protsess oli minu kihk omadega toime tulla.&#8221;<\/p>\n<p>An-Marlen ja Kermo Murel \u2013 &#8220;T\u00e4htede eest&#8221;<\/p>\n<p>Kurbade Uudiste v\u00e4rske suvehitt on valminud Boipepperoni ja Markus Palo k\u00e4e all. &#8220;\u00dchel suvalisel teisip\u00e4eval asusime esmajoones hoopis teise loo kallale, millest too p\u00e4ev absoluutselt asja ei saanud. Nii muuseas lasi Kermo mulle \u00fcht demo ja mul klikkis sellega kohe. Helistasime Palole ja p\u00f5him\u00f5tteliselt jooksime kohe stuudiosse. Sellel lool on \u00fcks v\u00e4ga eriline koht mu s\u00fcdames ja seda \u00a0mitmel p\u00f5hjusel,&#8221; \u00fctles An-Marlen.<\/p>\n<p>Koit Toome \u2013 &#8220;Ma p\u00f5genen&#8221;<\/p>\n<p>Eesti popmuusikamosaiigis v\u00f5ib igasugu kombinatsioone ette kujutada, aga seda, et Koit Toome ja Karl Killing selja kokku panevad, ei osanud k\u00fcll aimata. Juba mullu koos Anne Veskiga valminud loos &#8220;Pole muud vaja&#8221; l\u00f5i Killing kaasa, n\u00fc\u00fcd on aga h\u00fcbriid palju n\u00e4htavam: Toomele omane neo-estraad kohtub lopsakama kaasaegse produktsiooniga.<\/p>\n<p>Revals \u2013 &#8220;Reede hommik&#8221;<\/p>\n<p>Eesti kantrirokib\u00e4ndi Revals uus singel kutsub \u00fcles v\u00f5tma reede t\u00f6\u00f6lt vabaks ja p\u00fchendama aega kallimale. &#8220;Maailm kubiseb paaridest, kelle ainus v\u00f5imalus koos aega veeta ongi vaid n\u00e4dalavahetustel,&#8221; \u00fctles loo autor Silver Kn\u00e4zev ning lisas, et ideaalis v\u00f5iks n\u00e4dalavahetus alata juba reede hommikul, mitte \u00f5htul p\u00e4rast t\u00f6\u00f6p\u00e4eva. &#8220;Miks mitte ohverdada reedene t\u00f6\u00f6p\u00e4ev, et veeta aega oma kallimaga? Kui armastus on tugev ja igatsus suur, saab ka t\u00f6\u00f6 nelja p\u00e4evaga tehtud.&#8221;\u00a0<\/p>\n<p>AG ja Laura P\u00f5ldvere \u2013 &#8220;Templiga viisa&#8221;<\/p>\n<p>Kujutan ette, et Lauri Lembineni ja Henri Aleksander Sihi produtseeritud &#8220;Templiga viisa&#8221; m\u00e4ngib vahetpidamata k\u00f5igis Eesti rannabaarides sel suvel, sest ega meil samav\u00e4\u00e4rset p\u00e4ikese-house&#8217;i kodumaalt viimastest kuudest vastu panna polegi.<\/p>\n<p>Baby Blu ja Margiiela \u2013 &#8220;Iho&#8221;<\/p>\n<p>Haaran m\u00f5nuga v\u00f5imalusest kinni ja kasutan Talsinki m\u00f5istet, sest kuidas muudmoodi saakski p\u00f5hjanaabrite r\u00e4ppari Baby Blu ja kodumaise tipptegija Margiiela v\u00e4rsket koost\u00f6\u00f6d defineerida? Soomekeelse loo keskel k\u00f5lab \u00fcks eestikeelne Margiiela salm, pala ise p\u00e4rineb Baby Blu v\u00e4rskelt kogumikult &#8220;Mixtape Madness Vol.2&#8221;, mis on juba tema teine mixtape sel aastal.<\/p>\n<p>Ariana Grande \u2013 &#8220;Hate That I Made You Love Me&#8221;<\/p>\n<p>Juuli l\u00f5pus ilmub Ariana Grande kaheksas album &#8220;Petal&#8221;, esimene singel on valminud koost\u00f6\u00f6s Ilya ning Max Martiniga. Liiga suuri riske Grande hetkel ei v\u00f5ta: samalaadset ning \u00fcsna turvalist raadiopoppi oleme temalt varemgi kuulnud, raske on praegu ka \u00f5unte pealt ennustada, milliseks j\u00e4rgmine kauam\u00e4ngiv kujuneda v\u00f5ib.<\/p>\n<p>Boards of Canada \u2013 &#8220;Father and Son&#8221;<\/p>\n<p>Kahtlemata selle n\u00e4dala v\u00f5i miks mitte ka kogu aasta olulisemaid muusikas\u00fcndmuseid on see, et \u0160oti elektroonikalegendid Boards of Canada andsid \u00fcle 13 aasta v\u00e4lja uue albumi. Maailm on meie \u00fcmber vahepealse ajaga k\u00f5vasti muutunud, Boards of Canada essents on aga samaks j\u00e4\u00e4nud: k\u00fclluslik d\u00fcstoopne lab\u00fcrint, kuhu ilmselt iga\u00fcks ei soovigi \u00e4ra eksida. Aga tuleb v\u00e4lja, et isegi Trumpi administratsioonile l\u00e4ks see korda, kui nad luba k\u00fcsimata nende muusikat <a href=\"https:\/\/pitchfork.com\/news\/boards-of-canada-and-warp-condemn-trump-white-house-over-social-media-video\/\" rel=\"nofollow noopener\" target=\"_blank\">oma klipis kasutasid<\/a>.<\/p>\n<p>Paul McCartney \u2013 &#8220;We Two&#8221;<\/p>\n<p>83-aastane Paul McCartney ei n\u00e4ita v\u00e4simise m\u00e4rke, sel n\u00e4dalal ilmunud &#8220;The Boys of Dungeon Lane&#8221; on tema j\u00e4rjekorras kahek\u00fcmnes sooloalbum, produtsendina l\u00f6\u00f6b kaasa nii Bieberi, Lady Gaga kui ka Miley Cyrusega t\u00f6\u00f6tanud Andrew Watt, stuudiosessioonid toimusid neil juba 2021. aastal. Briti kriitikud on v\u00e4rske albumi juba ka soojalt vastu v\u00f5tnud, seega pole vanameistril vaja h\u00e4beneda midagi.<\/p>\n<p>Blood Orange \u2013 &#8220;Essex_Honey.mp3&#8221;<\/p>\n<p>M\u00f6\u00f6dunud aastal andis Blood Orange v\u00e4lja albumi &#8220;Essex Honey&#8221;, n\u00fc\u00fcd on ta tagasi&#8230; justkui samanimelise looga? Siin kuuleb talle ainuomast s\u00fcgavalt habrast RnB&#8217;d, aga mitte ainult: taustal pulseerib n\u00e4tske breakbeat, t\u00e4nu millele v\u00f5iks loo vabalt ka klubis k\u00e4ima l\u00fckata ja keegi silmi p\u00f6\u00f6ritama ei hakkaks.<\/p>\n<p>Big Freedia \u2013 &#8220;Blaze That Ass&#8221;<\/p>\n<p>See on alati suur s\u00fcndmus, kui m\u00f5ne meie seast liiga vara lahkunud artisti uued lood on sahtlist pikka aega varjul olnud, n\u00fc\u00fcd ongi New Orleansi bounce&#8217;i legend Big Freedia avaldamas kolmeloolist l\u00fchiplaati, mis on salvestatud 2016. aastal koos produtsent Sophiega. Esimene lugu on t\u00e4pselt selline nakkav p\u00f5rkamine, mida nende koost\u00f6\u00f6st v\u00f5ikski oodata.<\/p>\n<p>Jungle \u2013 &#8220;The Wave&#8221;<\/p>\n<p>Korduvalt ka Eestis esinenud Londoni kollektiiv Jungle teeb muusikat soojadeks suve\u00f5htuteks ning kuigi nende neo soul&#8217;i ja nu-disco kokteili on lihtne s\u00fc\u00fcdistada liigses magususes, siis on nende siirus ja d\u00fcnaamiline produktsioon ikkagi kuidagi vastapandamatult nakkavad. Ja mida me oskmegi sellest k\u00f5igest siin sombuses kevades arvata?<\/p>\n<p>Kuula k\u00f5iki lugusid siit:<\/p>\n","protected":false},"excerpt":{"rendered":"Popidiot ja Kristel Eplik \u2013 &#8220;V\u00f5\u00f5ras linnas&#8221; V\u00e4rske singel on ansambli esimene eestikeelne lugu \u00fcle 16 aasta. Loo&hellip;\n","protected":false},"author":2,"featured_media":190345,"comment_status":"","ping_status":"","sticky":false,"template":"","format":"standard","meta":{"footnotes":"","_share_on_mastodon":"0"},"categories":[16],"tags":[25588,221,12584,22641,81902,81901,29201,34986,29891,81896,37,33,35,173,34,36,29997,81897,3151,4100,81900,9456,6283,10240,140,144,24263,18121,81899,5020,81898,23711,217],"class_list":["post-190344","post","type-post","status-publish","format-standard","has-post-thumbnail","category-meelelahutus","tag-ag","tag-an-marlen","tag-andreas","tag-ariana-grande","tag-baby-blu","tag-big-freedia","tag-blix","tag-blood-orange","tag-boards-of-canada","tag-bombillaz","tag-ee","tag-eesti","tag-eesti-keel","tag-entertainment","tag-estonia","tag-estonian","tag-jarl","tag-jungle","tag-kermo-murel","tag-koit-toome","tag-kristel-eplik","tag-laura-poldvere","tag-liisi-koikson","tag-margiiela","tag-meelelahutus","tag-muusika","tag-paul-mccartney","tag-popidiot","tag-revals","tag-sadu","tag-sophie","tag-umr","tag-uue-muusika-reede"],"share_on_mastodon":{"url":"https:\/\/pubeurope.com\/@ee\/116657667869377317","error":""},"_links":{"self":[{"href":"https:\/\/www.europesays.com\/ee\/wp-json\/wp\/v2\/posts\/190344","targetHints":{"allow":["GET"]}}],"collection":[{"href":"https:\/\/www.europesays.com\/ee\/wp-json\/wp\/v2\/posts"}],"about":[{"href":"https:\/\/www.europesays.com\/ee\/wp-json\/wp\/v2\/types\/post"}],"author":[{"embeddable":true,"href":"https:\/\/www.europesays.com\/ee\/wp-json\/wp\/v2\/users\/2"}],"replies":[{"embeddable":true,"href":"https:\/\/www.europesays.com\/ee\/wp-json\/wp\/v2\/comments?post=190344"}],"version-history":[{"count":0,"href":"https:\/\/www.europesays.com\/ee\/wp-json\/wp\/v2\/posts\/190344\/revisions"}],"wp:featuredmedia":[{"embeddable":true,"href":"https:\/\/www.europesays.com\/ee\/wp-json\/wp\/v2\/media\/190345"}],"wp:attachment":[{"href":"https:\/\/www.europesays.com\/ee\/wp-json\/wp\/v2\/media?parent=190344"}],"wp:term":[{"taxonomy":"category","embeddable":true,"href":"https:\/\/www.europesays.com\/ee\/wp-json\/wp\/v2\/categories?post=190344"},{"taxonomy":"post_tag","embeddable":true,"href":"https:\/\/www.europesays.com\/ee\/wp-json\/wp\/v2\/tags?post=190344"}],"curies":[{"name":"wp","href":"https:\/\/api.w.org\/{rel}","templated":true}]}}