{"id":190423,"date":"2026-05-29T13:17:13","date_gmt":"2026-05-29T13:17:13","guid":{"rendered":"https:\/\/www.europesays.com\/ee\/190423\/"},"modified":"2026-05-29T13:17:13","modified_gmt":"2026-05-29T13:17:13","slug":"premium-liiga-numbrinope-zahovaiko-lendstart-jatab-curro-aastad-enda-varju-soccernet-ee","status":"publish","type":"post","link":"https:\/\/www.europesays.com\/ee\/190423\/","title":{"rendered":"Premium liiga numbrinope | Zahovaiko lendstart j\u00e4tab Curro aastad enda varju &#8211; Soccernet.ee"},"content":{"rendered":"<p><img decoding=\"async\" src=\"https:\/\/www.europesays.com\/ee\/wp-content\/uploads\/2026\/05\/1776615979.jpg\" alt=\"Vjat\u0161eslav Zahovaiko andis Levadiale hoobilt uue hoo. Foto: Anna Andreas\"\/>&#13;\n<\/p>\n<p>Premium liiga liider FCI Levadia on s\u00f5iduvees, p\u00fcsides 13 vooru j\u00e4rel ainsagi kaotuseta ning hoides seitsmem\u00e4ngulist v\u00f5iduseeriat, mis algas 19. aprillil 4:0 seljav\u00f5iduga Tallinna derbis.<\/p>\n<p>Selline tuul Levadia purjedes on seda \u00fcllatavam, et talvel vahetati peatreenerit ning uus loots Vjat\u0161eslav Zahovaiko ei ole vajanud \u00fcldse sisseelamisaega. Talvel lahkusid klubist ka mitmed p\u00f5him\u00e4ngijad, kuid languse asemel on hoopis uus k\u00e4ik sisse l\u00fclitatud.&#13;\n<\/p>\n<p>&#13;\n<\/p>\n<p>Unitedi ja Tammeka punktiv\u00f5rdlus eelmise Premium liiga hooajaga n\u00e4itab isegi suuremat edasiminekut kui Levadial. Nende v\u00f5rdlus k\u00e4ib aga eba\u00f5nnestunud hooaegadega, samas kui Levadia v\u00f5rdlusobjektiks on meeskond, kes p\u00fcsis kuni viimase vooruni tiitlikonkurentsis.<\/p>\n<p>Zahovaiko senine hoog j\u00e4tab varju ka Curro Torrese varasemad hooajad. Nende omavaheline v\u00f5rdlus on asjakohane, sest Torrese saabudes tehti 2023. aastal Levadia koosseisus suurpuhastus, aga sealt alates on erinevate hooaegade meeskondades paras hulk \u00fchisnimetajaid. Kasutada olev materjal on niisiis \u00fcsna sarnane, olgugi et t\u00e4navuse hooaja eel j\u00e4i koosseis paberil justkui pisut lahjemaks.&#13;\n<\/p>\n<p>&#13;\n<\/p>\n<p>Veel ilmekamalt tuleb Zahovaiko Levadia k\u00f5rge lend v\u00e4lja, kui v\u00f5rdleme keskmist v\u00e4ravate vahet. T\u00e4navune tabeliliider ei ole kivist vett v\u00e4lja pigistanud, vaid nende keskmiseks tulemuseks on rohkem kui kahev\u00e4ravaline v\u00f5it.&#13;\n<\/p>\n<p>&#13;\n<\/p>\n<p>Muidugi on alles maikuu ning m\u00e4ngitud on vaid pisut rohkem kui kolmandik hooajast. Levadia mastist klubis loevad l\u00f5puks vaid tiitlid ja euroedu, mida Zahovaiko ei olegi saanud veel saavutada. Algus on aga olnud mitte lihtsalt paljulubav, vaid lausa ideaalil\u00e4hedane.<\/p>\n<p>Premium liiga 14. vooru m\u00e4ngud:&#13;\n<\/p>\n<p>29. mai kell 19.00 United &#8211; Flora\u00a0(M\u00e4nniku staadion)<br \/>&#13;<br \/>\n30. mai kell 14.30 Vaprus &#8211; Kalju\u00a0(P\u00e4rnu Rannastaadion)<br \/>&#13;<br \/>\n30. mai kell 14.30 Harju &#8211; Trans\u00a0(Laagri Arena)<br \/>&#13;<br \/>\n30. mai kell 17.00 Tammeka &#8211; Levadia (Tartu Tamme staadion)<br \/>&#13;<br \/>\n31. mai kell 17.00 Paide &#8211; Kuressaare (Paide kunstmuruv\u00e4ljak)<\/p>\n","protected":false},"excerpt":{"rendered":"&#13; Premium liiga liider FCI Levadia on s\u00f5iduvees, p\u00fcsides 13 vooru j\u00e4rel ainsagi kaotuseta ning hoides seitsmem\u00e4ngulist v\u00f5iduseeriat,&hellip;\n","protected":false},"author":2,"featured_media":190424,"comment_status":"","ping_status":"","sticky":false,"template":"","format":"standard","meta":{"footnotes":"","_share_on_mastodon":"0"},"categories":[18],"tags":[13705,1587,37,33,35,34,36,1572,1358,166,167,159,158,169,1588,29616,30431],"class_list":["post-190423","post","type-post","status-publish","format-standard","has-post-thumbnail","category-sport","tag-curro","tag-curro-torres","tag-ee","tag-eesti","tag-eesti-keel","tag-estonia","tag-estonian","tag-fci-levadia","tag-levadia","tag-numbrinope","tag-premium-liiga","tag-sport","tag-sports","tag-statistika","tag-torres","tag-vjatseslav-zahovaiko","tag-zahovaiko"],"share_on_mastodon":{"url":"https:\/\/pubeurope.com\/@ee\/116658061206028094","error":""},"_links":{"self":[{"href":"https:\/\/www.europesays.com\/ee\/wp-json\/wp\/v2\/posts\/190423","targetHints":{"allow":["GET"]}}],"collection":[{"href":"https:\/\/www.europesays.com\/ee\/wp-json\/wp\/v2\/posts"}],"about":[{"href":"https:\/\/www.europesays.com\/ee\/wp-json\/wp\/v2\/types\/post"}],"author":[{"embeddable":true,"href":"https:\/\/www.europesays.com\/ee\/wp-json\/wp\/v2\/users\/2"}],"replies":[{"embeddable":true,"href":"https:\/\/www.europesays.com\/ee\/wp-json\/wp\/v2\/comments?post=190423"}],"version-history":[{"count":0,"href":"https:\/\/www.europesays.com\/ee\/wp-json\/wp\/v2\/posts\/190423\/revisions"}],"wp:featuredmedia":[{"embeddable":true,"href":"https:\/\/www.europesays.com\/ee\/wp-json\/wp\/v2\/media\/190424"}],"wp:attachment":[{"href":"https:\/\/www.europesays.com\/ee\/wp-json\/wp\/v2\/media?parent=190423"}],"wp:term":[{"taxonomy":"category","embeddable":true,"href":"https:\/\/www.europesays.com\/ee\/wp-json\/wp\/v2\/categories?post=190423"},{"taxonomy":"post_tag","embeddable":true,"href":"https:\/\/www.europesays.com\/ee\/wp-json\/wp\/v2\/tags?post=190423"}],"curies":[{"name":"wp","href":"https:\/\/api.w.org\/{rel}","templated":true}]}}