{"id":190899,"date":"2026-05-30T04:42:16","date_gmt":"2026-05-30T04:42:16","guid":{"rendered":"https:\/\/www.europesays.com\/ee\/190899\/"},"modified":"2026-05-30T04:42:16","modified_gmt":"2026-05-30T04:42:16","slug":"norra-korgliigas-kohtusid-sheini-ja-soometsa-koduklubid-aga-eestlased-valjakul-vastamisi-ei-sattunud-soccernet-ee","status":"publish","type":"post","link":"https:\/\/www.europesays.com\/ee\/190899\/","title":{"rendered":"Norra k\u00f5rgliigas kohtusid Sheini ja Soometsa koduklubid, aga eestlased v\u00e4ljakul vastamisi ei sattunud &#8211; Soccernet.ee"},"content":{"rendered":"<p><img decoding=\"async\" src=\"https:\/\/www.europesays.com\/ee\/wp-content\/uploads\/2026\/05\/1780084654.jpg\" alt=\"Rocco Robert Shein. Foto: Katariina Peetson (arhiiv)\"\/>&#13;\n<\/p>\n<p>Norra k\u00f5rgliigas kohtusid Eesti koondislaste koduklubid, kui Fredrikstad p\u00f6\u00f6ras koduv\u00e4ljakul 0:1 kaotusseisu Starti vastu 2:1 v\u00f5iduks.<\/p>\n<p>Eestlaste duell j\u00e4i paraku \u00e4ra, sest kui Rocco Robert Shein sai Fredrikstadi eest kirja t\u00e4ism\u00e4ngu, siis Markus Soomets j\u00e4lgis kohtumist Starti pingilt. Starti jaoks algas kohtumine suurep\u00e4raselt, sest Jesper Cornelius l\u00f5i juba kaheksandal minutil k\u00fclalised juhtima, kuid Fredrikstad p\u00f6\u00f6ras teisel poolajal m\u00e4ngu enda kasuks, kui skoori tegid Daniel Eid ja\u00a0Oskar Ohlenschlaeger.&#13;\n<\/p>\n<p>Uue peatreeneri Casper R\u00f6jkjaeri k\u00e4e all esimese v\u00f5idu saanud Fredrikstad t\u00f5usis tabelis k\u00fcmnendale kohale, olles 11 m\u00e4nguga kogunud 14 punkti. Start j\u00e4tkab 16 meeskonna konkurentsis seitsme punktiga viimasel kohal. Fredrikstadi j\u00e4rgmine liigam\u00e4ng toimub kodus neljandal kohal oleva Lillestr\u00f6mi vastu ja Start kohtub v\u00f5\u00f5rsil 11. tabelireal paikneva Branniga.&#13;\n<\/p>\n<p>Nikita Komissarovi koduklubi Minija sai Leedu esiliigas k\u00fcmne v\u00f5idu k\u00f5rvale hooaja esimese kaotuse, j\u00e4\u00e4des v\u00f5\u00f5rsil 0:1 alla Babrungasele. Komissarov alustas m\u00e4ngu algkoosseisus, sai esimesel poolajal kollaes kaardi ja vahetati 65. minutil v\u00e4lja. Minija j\u00e4tkab liigatabelis liidrikohal, aga edestab n\u00fc\u00fcd Babrungast vaid \u00fche punktiga.<\/p>\n","protected":false},"excerpt":{"rendered":"&#13; Norra k\u00f5rgliigas kohtusid Eesti koondislaste koduklubid, kui Fredrikstad p\u00f6\u00f6ras koduv\u00e4ljakul 0:1 kaotusseisu Starti vastu 2:1 v\u00f5iduks. Eestlaste&hellip;\n","protected":false},"author":2,"featured_media":190900,"comment_status":"","ping_status":"","sticky":false,"template":"","format":"standard","meta":{"footnotes":"","_share_on_mastodon":"0"},"categories":[18],"tags":[37,33,35,34,36,3090,8284,919,51091,8286,1437,20123,3097,3098,8580,159,158,8581],"class_list":["post-190899","post","type-post","status-publish","format-standard","has-post-thumbnail","category-sport","tag-ee","tag-eesti","tag-eesti-keel","tag-estonia","tag-estonian","tag-fredrikstad","tag-komissarov","tag-markus-soomets","tag-minija","tag-nikita-komissarov","tag-norra","tag-norra-korgliiga","tag-rocco-robert-shein","tag-shein","tag-soomets","tag-sport","tag-sports","tag-start"],"share_on_mastodon":{"url":"https:\/\/pubeurope.com\/@ee\/116661698411255810","error":""},"_links":{"self":[{"href":"https:\/\/www.europesays.com\/ee\/wp-json\/wp\/v2\/posts\/190899","targetHints":{"allow":["GET"]}}],"collection":[{"href":"https:\/\/www.europesays.com\/ee\/wp-json\/wp\/v2\/posts"}],"about":[{"href":"https:\/\/www.europesays.com\/ee\/wp-json\/wp\/v2\/types\/post"}],"author":[{"embeddable":true,"href":"https:\/\/www.europesays.com\/ee\/wp-json\/wp\/v2\/users\/2"}],"replies":[{"embeddable":true,"href":"https:\/\/www.europesays.com\/ee\/wp-json\/wp\/v2\/comments?post=190899"}],"version-history":[{"count":0,"href":"https:\/\/www.europesays.com\/ee\/wp-json\/wp\/v2\/posts\/190899\/revisions"}],"wp:featuredmedia":[{"embeddable":true,"href":"https:\/\/www.europesays.com\/ee\/wp-json\/wp\/v2\/media\/190900"}],"wp:attachment":[{"href":"https:\/\/www.europesays.com\/ee\/wp-json\/wp\/v2\/media?parent=190899"}],"wp:term":[{"taxonomy":"category","embeddable":true,"href":"https:\/\/www.europesays.com\/ee\/wp-json\/wp\/v2\/categories?post=190899"},{"taxonomy":"post_tag","embeddable":true,"href":"https:\/\/www.europesays.com\/ee\/wp-json\/wp\/v2\/tags?post=190899"}],"curies":[{"name":"wp","href":"https:\/\/api.w.org\/{rel}","templated":true}]}}