{"id":190936,"date":"2026-05-30T05:48:10","date_gmt":"2026-05-30T05:48:10","guid":{"rendered":"https:\/\/www.europesays.com\/ee\/190936\/"},"modified":"2026-05-30T05:48:10","modified_gmt":"2026-05-30T05:48:10","slug":"veemotosportlased-alustasid-hooaega-kaunases-pjedestaalikohtadega","status":"publish","type":"post","link":"https:\/\/www.europesays.com\/ee\/190936\/","title":{"rendered":"Veemotosportlased alustasid hooaega Kaunases pjedestaalikohtadega"},"content":{"rendered":"<p>M\u00f6\u00f6dunud n\u00e4dalavahetusel tehti algust veemotospordi hooajaga ning laup\u00e4eval Kaunases peetud Leedu meistriv\u00f5istluste avaetapil stardis olnud neli Viljandi klubi Nord v\u00f5istlejat t\u00f5id kamba peale koju kolm esikolmikukohta.<\/p>\n<p>Kaunase veehoidlas asetleidnud v\u00f5istlusel osales neljast riigist 37 s\u00f5itjat, kes v\u00f5istlesid k\u00fcmnes v\u00f5istlusklassis. Eesti sportlased olid esindatud klassides GT-15 ja GT-30.<\/p>\n","protected":false},"excerpt":{"rendered":"M\u00f6\u00f6dunud n\u00e4dalavahetusel tehti algust veemotospordi hooajaga ning laup\u00e4eval Kaunases peetud Leedu meistriv\u00f5istluste avaetapil stardis olnud neli Viljandi klubi&hellip;\n","protected":false},"author":2,"featured_media":190937,"comment_status":"","ping_status":"","sticky":false,"template":"","format":"standard","meta":{"footnotes":"","_share_on_mastodon":"0"},"categories":[18],"tags":[37,33,35,34,36,159,158,5778],"class_list":["post-190936","post","type-post","status-publish","format-standard","has-post-thumbnail","category-sport","tag-ee","tag-eesti","tag-eesti-keel","tag-estonia","tag-estonian","tag-sport","tag-sports","tag-veemoto"],"share_on_mastodon":{"url":"https:\/\/pubeurope.com\/@ee\/116661957866205474","error":""},"_links":{"self":[{"href":"https:\/\/www.europesays.com\/ee\/wp-json\/wp\/v2\/posts\/190936","targetHints":{"allow":["GET"]}}],"collection":[{"href":"https:\/\/www.europesays.com\/ee\/wp-json\/wp\/v2\/posts"}],"about":[{"href":"https:\/\/www.europesays.com\/ee\/wp-json\/wp\/v2\/types\/post"}],"author":[{"embeddable":true,"href":"https:\/\/www.europesays.com\/ee\/wp-json\/wp\/v2\/users\/2"}],"replies":[{"embeddable":true,"href":"https:\/\/www.europesays.com\/ee\/wp-json\/wp\/v2\/comments?post=190936"}],"version-history":[{"count":0,"href":"https:\/\/www.europesays.com\/ee\/wp-json\/wp\/v2\/posts\/190936\/revisions"}],"wp:featuredmedia":[{"embeddable":true,"href":"https:\/\/www.europesays.com\/ee\/wp-json\/wp\/v2\/media\/190937"}],"wp:attachment":[{"href":"https:\/\/www.europesays.com\/ee\/wp-json\/wp\/v2\/media?parent=190936"}],"wp:term":[{"taxonomy":"category","embeddable":true,"href":"https:\/\/www.europesays.com\/ee\/wp-json\/wp\/v2\/categories?post=190936"},{"taxonomy":"post_tag","embeddable":true,"href":"https:\/\/www.europesays.com\/ee\/wp-json\/wp\/v2\/tags?post=190936"}],"curies":[{"name":"wp","href":"https:\/\/api.w.org\/{rel}","templated":true}]}}