{"id":191096,"date":"2026-05-30T10:28:18","date_gmt":"2026-05-30T10:28:18","guid":{"rendered":"https:\/\/www.europesays.com\/ee\/191096\/"},"modified":"2026-05-30T10:28:18","modified_gmt":"2026-05-30T10:28:18","slug":"autot-ei-valita-emotsiooni-voi-brandi-jargi-eestlased-on-baltikumi-koige-hinnatundlikumad-autoostjad-2","status":"publish","type":"post","link":"https:\/\/www.europesays.com\/ee\/191096\/","title":{"rendered":"\u201eAutot ei valita emotsiooni v\u00f5i br\u00e4ndi j\u00e4rgi.\u201c Eestlased on Baltikumi k\u00f5ige hinnatundlikumad autoostjad"},"content":{"rendered":"<p>\u201eT\u00e4na juhib kogu Baltikumi autoturgu selgelt kuluteadlikkus. Autot ei valita emotsiooni v\u00f5i br\u00e4ndi j\u00e4rgi, vaid m\u00f5eldakse praktilistele k\u00fcsimustele: kui suur on rendi v\u00f5i liisingu kuumakse, kui palju kulub raha k\u00fctusele ja milline on s\u00f5iduki \u00fclalpidamise kogukulu,\u201c \u00fctles Mobire Eesti maajuht Marek Kurs.<\/p>\n<p>K\u00f5igis kolmes Balti riigis on auto ostmisel k\u00f5ige olulisem tegur hind. Ent k\u00f5ige tugevamalt m\u00f5jutab see Eesti tarbijaid, kellest 70%-le on see k\u00f5ige olulisem asjaolu auto ostmisel. Leedus oli sama n\u00e4itaja 60% ja L\u00e4tis 47%.<\/p>\n<p>Kurs t\u00f5des, et eestlaste hinna fookust on kahtlemata m\u00f5jutanud automaks. \u201eKui varem vaadati vaid auto m\u00fc\u00fcgihinda, siis n\u00fc\u00fcd j\u00e4lgitakse ka registreerimistasu ja aastamaksu. See omakorda on kaasa toonud selle, et j\u00e4rjest paremini tajutakse, et autohinda m\u00f5jutavad ka muud tegurid: maksud, k\u00fctusekulu, hooldus, kindlustus. Autoostja teadlikkus s\u00f5iduki tegelikku kulu osas on oluliselt kasvanud,\u201c m\u00e4rkis Kurs. <\/p>\n<p>Uut autot hakatakse otsima kuni kuus kuud enne ostu<\/p>\n<p>Eestlased kaaluvad auto valiku enne ostu sooritamist p\u00f5hjalikult l\u00e4bi. Ligi pooled (47%) alustavad taustauuringuga kolm kuni kuus kuud enne ostu vormistamist. Kuus kuud enne ostu alustavad taustat\u00f6\u00f6ga sagedamini Eesti mehed kui naised. \u201eVeebik\u00fclastuste p\u00f5hjal n\u00e4eme, et enne p\u00e4ringu tegemist k\u00fclastab inimene veebilehte enam kui 10 korda, loeb v\u00e4ga palju lisainfot ja alles siis teeb p\u00e4ringu,\u201c t\u00f5i Kurs v\u00e4lja.<\/p>\n<p>Baltikum tarbijate autoostud j\u00e4\u00e4vad valdavalt kuni 30 tuhande euro hinnaklassi. Premium-klassi ostud moodustavad k\u00f5igis kolmes riigis marginaalse osa turust. See n\u00e4itab, et Balti autoturg on suunatud pigem praktilistele masinatele ning ei ole luksuss\u00f5idukite keskne.<\/p>\n<p>Kui Eesti ja Leedu elanike seas domineerib s\u00f5iduki soetamisel selgelt liising, siis L\u00e4tis on levinuim meede s\u00f5iduk kohe v\u00e4lja osta. Paljude eestlaste jaoks on oluline omanditunne ning nad peavad autot enda omaks ka siis kui see on soetatud liisingu abil. \u201e\u00dcllatav on, kui paljud, tervelt 81%, Eestis elavatest inimestest ei taju, et liisinguga ostetud auto kuulub tegelikult pangale. Samal ajal m\u00e4letab ainult 39% vastajatest oma lepingu tingimusi, n\u00e4iteks intressi v\u00f5i j\u00e4\u00e4kv\u00e4\u00e4rtust. Lepinguid s\u00f5lmitakse sageli eeldusega, et tegemist on s\u00f5iduki omandamisega, kuigi tegelikkuses v\u00f5etakse endale pikaajaline finantskohustus mitmete riskidega,\u201c nentis Kurs. <\/p>\n<p>Eesti paistab silma pika auto kasutamisega<\/p>\n<p>Eestis kasutatakse autosid oluliselt kauem kui mujal Baltikumis. \u00dcle poole ehk 51% vastanutest \u00fctles, et kasutas eelmist autot v\u00e4hemalt viis aastat. Vaid 9% vahetas autot 1\u20132 aasta jooksul. \u201eEesti tarbija tahab autost maksimumi k\u00e4tte saada. Auto vahetatakse v\u00e4lja siis, kui see enam inimese vajadusi ei t\u00e4ida v\u00f5i muutub liiga kulukaks, mitte mugavuse p\u00e4rast,\u201c m\u00e4rkis Kurs.<\/p>\n<p>L\u00e4ti tarbija k\u00f5ige tavalisem auto kasutusperiood j\u00e4\u00e4b 3-4 aasta vahele. Kuid nooremad juhid oleksid valmis autot sagedamini vahetama, kui protsess oleks lihtsam. Sama nentisid ka leedukad: 45% neist vahetaks autot sagedamini, kui protsess oleks kiirem ja mugavam.<\/p>\n<p>Baltikumi autoturg on t\u00e4na tugevalt hinnatundlik, praktiline ja kuluteadlik. \u201eEesti paistab silma kui v\u00f5rdlemisi konservatiivne ja pikaajalise auto omamisega turg, kus tarbijad eelistavad turvalisi ja kauakestvaid lahendusi,\u201c s\u00f5nas Kurs.<\/p>\n<p>Kuidas see lugu Sind end tundma pani? Saada <a href=\"https:\/\/arileht.delfi.ee\/artikkel\/120587281\/autot-ei-valita-emotsiooni-voi-brandi-jargi-eestlased-on-baltikumi-koige-hinnatundlikumad-autoostjad\/kommentaarid\" class=\"article-body-bottom__comment article-body-bottom__comment--write button button--primary button--size-auto\" rel=\"nofollow noopener\" target=\"_blank\"> Kommenteeri <\/a><a href=\"https:\/\/arileht.delfi.ee\/artikkel\/120587281\/autot-ei-valita-emotsiooni-voi-brandi-jargi-eestlased-on-baltikumi-koige-hinnatundlikumad-autoostjad\/kommentaarid\" class=\"article-body-bottom__comment article-body-bottom__comment--read button button--size-auto\" rel=\"nofollow noopener\" target=\"_blank\"> Loe kommentaare (19)<\/a><\/p>\n","protected":false},"excerpt":{"rendered":"\u201eT\u00e4na juhib kogu Baltikumi autoturgu selgelt kuluteadlikkus. Autot ei valita emotsiooni v\u00f5i br\u00e4ndi j\u00e4rgi, vaid m\u00f5eldakse praktilistele k\u00fcsimustele:&hellip;\n","protected":false},"author":2,"featured_media":191097,"comment_status":"","ping_status":"","sticky":false,"template":"","format":"standard","meta":{"footnotes":"","_share_on_mastodon":"0"},"categories":[80],"tags":[265,26,27,37,33,35,34,36,31,32,21,28,29,95,3866,19,25,23,24,22,20,30,92,93,94],"class_list":["post-191096","post","type-post","status-publish","format-standard","has-post-thumbnail","category-maailm","tag-automuuk","tag-breaking-news","tag-breakingnews","tag-ee","tag-eesti","tag-eesti-keel","tag-estonia","tag-estonian","tag-featured-news","tag-featurednews","tag-headlines","tag-latest-news","tag-latestnews","tag-maailm","tag-mobire","tag-news","tag-populaarseimad-lood","tag-top-stories","tag-topstories","tag-uldised-uudised","tag-uudised","tag-viimased-uudised","tag-world","tag-world-news","tag-worldnews"],"share_on_mastodon":{"url":"https:\/\/pubeurope.com\/@ee\/116663058512263015","error":""},"_links":{"self":[{"href":"https:\/\/www.europesays.com\/ee\/wp-json\/wp\/v2\/posts\/191096","targetHints":{"allow":["GET"]}}],"collection":[{"href":"https:\/\/www.europesays.com\/ee\/wp-json\/wp\/v2\/posts"}],"about":[{"href":"https:\/\/www.europesays.com\/ee\/wp-json\/wp\/v2\/types\/post"}],"author":[{"embeddable":true,"href":"https:\/\/www.europesays.com\/ee\/wp-json\/wp\/v2\/users\/2"}],"replies":[{"embeddable":true,"href":"https:\/\/www.europesays.com\/ee\/wp-json\/wp\/v2\/comments?post=191096"}],"version-history":[{"count":0,"href":"https:\/\/www.europesays.com\/ee\/wp-json\/wp\/v2\/posts\/191096\/revisions"}],"wp:featuredmedia":[{"embeddable":true,"href":"https:\/\/www.europesays.com\/ee\/wp-json\/wp\/v2\/media\/191097"}],"wp:attachment":[{"href":"https:\/\/www.europesays.com\/ee\/wp-json\/wp\/v2\/media?parent=191096"}],"wp:term":[{"taxonomy":"category","embeddable":true,"href":"https:\/\/www.europesays.com\/ee\/wp-json\/wp\/v2\/categories?post=191096"},{"taxonomy":"post_tag","embeddable":true,"href":"https:\/\/www.europesays.com\/ee\/wp-json\/wp\/v2\/tags?post=191096"}],"curies":[{"name":"wp","href":"https:\/\/api.w.org\/{rel}","templated":true}]}}