{"id":191103,"date":"2026-05-30T10:48:10","date_gmt":"2026-05-30T10:48:10","guid":{"rendered":"https:\/\/www.europesays.com\/ee\/191103\/"},"modified":"2026-05-30T10:48:10","modified_gmt":"2026-05-30T10:48:10","slug":"tipphetked-united-sai-flora-vastu-punase-ja-pohjustas-neli-penaltit-soccernet-ee","status":"publish","type":"post","link":"https:\/\/www.europesays.com\/ee\/191103\/","title":{"rendered":"Tipphetked: United sai Flora vastu punase ja p\u00f5hjustas neli penaltit &#8211; Soccernet.ee"},"content":{"rendered":"<p><img decoding=\"async\" src=\"https:\/\/www.europesays.com\/ee\/wp-content\/uploads\/2026\/05\/1780134210.jpg\" alt=\"Tallinna Flora v\u00f5itis N\u00f5mme Unitedit 4:0. Foto: Anna Andreas\"\/>&#13;\n<\/p>\n<p>N\u00f5mme United sai Premium liiga 14. vooru avakohtumises Tallinna Flora vastu \u00fche punase kaardi ning p\u00f5hjustas neli penaltit ja kaotas 0:4.<\/p>\n<p>Esimese penalti, mida l\u00e4ks l\u00f6\u00f6ma Vladislav Kreida, suutis Georg Mattias Lagus t\u00f5rjuda, aga kolm j\u00e4rgmist l\u00f5petasid v\u00f5rgus. Kaks 11 meetri karistusl\u00f6\u00f6ki realiseeris Rauno Sappinen ja \u00fche Tony Varjund. Kohtumise l\u00f5ppseisu vormistas \u00fcleajal Sander Tovstiku kaugl\u00f6\u00f6k, mis v\u00f5ttis\u00a0Yosuke Morishigest tugeva riko\u0161eti.&#13;\n<\/p>\n<p>United m\u00e4ngis v\u00e4hemuses alates 43. minutist, kui\u00a0Dacosta Owusu sai Sappineni vastu tehtud viimase lootuse vea eest otse punase kaardi.&#13;\n<\/p>\n<p>Florale oli see Premium liigas kuues j\u00e4rjestikune v\u00f5it, Unitedile neljas j\u00e4rjestikune kaotus. Kohtumise tipphetked:<\/p>\n","protected":false},"excerpt":{"rendered":"&#13; N\u00f5mme United sai Premium liiga 14. vooru avakohtumises Tallinna Flora vastu \u00fche punase kaardi ning p\u00f5hjustas neli&hellip;\n","protected":false},"author":2,"featured_media":191104,"comment_status":"","ping_status":"","sticky":false,"template":"","format":"standard","meta":{"footnotes":"","_share_on_mastodon":"0"},"categories":[18],"tags":[82040,46464,37,33,35,34,36,3971,163,29809,39380,29810,837,1813,40424,167,1145,3481,1146,159,158,1465,4974,3485,4975,14954],"class_list":["post-191103","post","type-post","status-publish","format-standard","has-post-thumbnail","category-sport","tag-14-voor","tag-dacosta-owusu","tag-ee","tag-eesti","tag-eesti-keel","tag-estonia","tag-estonian","tag-fc-nomme-united","tag-flora","tag-georg-mattias-lagus","tag-kreida","tag-lagus","tag-meistriliiga","tag-nomme-united","tag-owusu","tag-premium-liiga","tag-rauno-sappinen","tag-sander-tovstik","tag-sappinen","tag-sport","tag-sports","tag-tallinna-fc-flora","tag-tony-varjund","tag-tovstik","tag-varjund","tag-vladislav-kreida"],"share_on_mastodon":{"url":"https:\/\/pubeurope.com\/@ee\/116663137520643200","error":""},"_links":{"self":[{"href":"https:\/\/www.europesays.com\/ee\/wp-json\/wp\/v2\/posts\/191103","targetHints":{"allow":["GET"]}}],"collection":[{"href":"https:\/\/www.europesays.com\/ee\/wp-json\/wp\/v2\/posts"}],"about":[{"href":"https:\/\/www.europesays.com\/ee\/wp-json\/wp\/v2\/types\/post"}],"author":[{"embeddable":true,"href":"https:\/\/www.europesays.com\/ee\/wp-json\/wp\/v2\/users\/2"}],"replies":[{"embeddable":true,"href":"https:\/\/www.europesays.com\/ee\/wp-json\/wp\/v2\/comments?post=191103"}],"version-history":[{"count":0,"href":"https:\/\/www.europesays.com\/ee\/wp-json\/wp\/v2\/posts\/191103\/revisions"}],"wp:featuredmedia":[{"embeddable":true,"href":"https:\/\/www.europesays.com\/ee\/wp-json\/wp\/v2\/media\/191104"}],"wp:attachment":[{"href":"https:\/\/www.europesays.com\/ee\/wp-json\/wp\/v2\/media?parent=191103"}],"wp:term":[{"taxonomy":"category","embeddable":true,"href":"https:\/\/www.europesays.com\/ee\/wp-json\/wp\/v2\/categories?post=191103"},{"taxonomy":"post_tag","embeddable":true,"href":"https:\/\/www.europesays.com\/ee\/wp-json\/wp\/v2\/tags?post=191103"}],"curies":[{"name":"wp","href":"https:\/\/api.w.org\/{rel}","templated":true}]}}