{"id":191309,"date":"2026-05-30T17:16:06","date_gmt":"2026-05-30T17:16:06","guid":{"rendered":"https:\/\/www.europesays.com\/ee\/191309\/"},"modified":"2026-05-30T17:16:06","modified_gmt":"2026-05-30T17:16:06","slug":"videod-lisatud-%e2%9f%a9-nasa-avalikustas-oma-kuu-plaanid-ja-need-on-muljetavaldavad","status":"publish","type":"post","link":"https:\/\/www.europesays.com\/ee\/191309\/","title":{"rendered":"VIDEOD LISATUD \u27e9 NASA avalikustas oma Kuu-plaanid ja need on muljetavaldavad"},"content":{"rendered":"<p>Kuu ei pruugi tulevikus olla enam pelgalt koht, kuhu aeg-ajalt ekspeditsioone saadetakse. NASA v\u00e4rske plaan viitab v\u00f5imalusele rajada sinna p\u00fcsiv baas, mille m\u00f5\u00f5tmed \u00fcletaksid paljude linnade omad. Selle nimel valmistatakse ette uusi missioone, katsetatakse tehnoloogiaid ja otsitakse vastuseid k\u00fcsimustele, millele seni on saanud vastata vaid teoorias. K\u00f5ik see toimub paigas, kus temperatuurik\u00f5ikumised ja kiirgus seavad inimese vastupidavuse t\u00f5siselt proovile. Kas just Kuul s\u00fcnnib mudel, mille j\u00e4rgi inimesed kunagi Marsile j\u00f5uavad?<\/p>\n","protected":false},"excerpt":{"rendered":"Kuu ei pruugi tulevikus olla enam pelgalt koht, kuhu aeg-ajalt ekspeditsioone saadetakse. NASA v\u00e4rske plaan viitab v\u00f5imalusele rajada&hellip;\n","protected":false},"author":2,"featured_media":191310,"comment_status":"","ping_status":"","sticky":false,"template":"","format":"standard","meta":{"footnotes":"","_share_on_mastodon":"0"},"categories":[80],"tags":[375,390,180,389,378,26,27,403,402,404,380,37,33,35,34,36,31,32,21,382,381,399,391,400,401,393,28,29,384,383,95,377,385,386,19,388,25,379,395,376,397,394,373,371,374,372,387,396,392,23,24,398,22,20,30,92,93,94],"class_list":["post-191309","post","type-post","status-publish","format-standard","has-post-thumbnail","category-maailm","tag-ai","tag-aku","tag-arvustus","tag-arvuti","tag-auto","tag-breaking-news","tag-breakingnews","tag-digitaalne","tag-digiturvalisus","tag-droon","tag-e-sport","tag-ee","tag-eesti","tag-eesti-keel","tag-estonia","tag-estonian","tag-featured-news","tag-featurednews","tag-headlines","tag-ikt","tag-internet","tag-isejuhtiv","tag-kodumasin","tag-kuberkuritegevus","tag-kuberturvalisus","tag-kutus","tag-latest-news","tag-latestnews","tag-lennuk","tag-lennundus","tag-maailm","tag-mangud","tag-mobiilsus","tag-mobiiltelefon","tag-news","tag-nutitelefon","tag-populaarseimad-lood","tag-relvad","tag-riistvara","tag-seadmed","tag-sotsiaalmeedia","tag-tarkvara","tag-tehisintellekt","tag-tehnika","tag-tehnisintelekt","tag-tehnoloogia","tag-telefon","tag-test","tag-toostus","tag-top-stories","tag-topstories","tag-transport","tag-uldised-uudised","tag-uudised","tag-viimased-uudised","tag-world","tag-world-news","tag-worldnews"],"share_on_mastodon":{"url":"","error":"Validation failed: Text character limit of 500 exceeded"},"_links":{"self":[{"href":"https:\/\/www.europesays.com\/ee\/wp-json\/wp\/v2\/posts\/191309","targetHints":{"allow":["GET"]}}],"collection":[{"href":"https:\/\/www.europesays.com\/ee\/wp-json\/wp\/v2\/posts"}],"about":[{"href":"https:\/\/www.europesays.com\/ee\/wp-json\/wp\/v2\/types\/post"}],"author":[{"embeddable":true,"href":"https:\/\/www.europesays.com\/ee\/wp-json\/wp\/v2\/users\/2"}],"replies":[{"embeddable":true,"href":"https:\/\/www.europesays.com\/ee\/wp-json\/wp\/v2\/comments?post=191309"}],"version-history":[{"count":0,"href":"https:\/\/www.europesays.com\/ee\/wp-json\/wp\/v2\/posts\/191309\/revisions"}],"wp:featuredmedia":[{"embeddable":true,"href":"https:\/\/www.europesays.com\/ee\/wp-json\/wp\/v2\/media\/191310"}],"wp:attachment":[{"href":"https:\/\/www.europesays.com\/ee\/wp-json\/wp\/v2\/media?parent=191309"}],"wp:term":[{"taxonomy":"category","embeddable":true,"href":"https:\/\/www.europesays.com\/ee\/wp-json\/wp\/v2\/categories?post=191309"},{"taxonomy":"post_tag","embeddable":true,"href":"https:\/\/www.europesays.com\/ee\/wp-json\/wp\/v2\/tags?post=191309"}],"curies":[{"name":"wp","href":"https:\/\/api.w.org\/{rel}","templated":true}]}}