{"id":191340,"date":"2026-05-30T18:02:40","date_gmt":"2026-05-30T18:02:40","guid":{"rendered":"https:\/\/www.europesays.com\/ee\/191340\/"},"modified":"2026-05-30T18:02:40","modified_gmt":"2026-05-30T18:02:40","slug":"galerii-err-tunnustas-tootajaid-kolleegipreemiatega-eesti","status":"publish","type":"post","link":"https:\/\/www.europesays.com\/ee\/191340\/","title":{"rendered":"Galerii: ERR tunnustas t\u00f6\u00f6tajaid kolleegipreemiatega | Eesti"},"content":{"rendered":"<p>Rahvusringh\u00e4\u00e4ling v\u00f5ttis reedel kokku pika hooaja ja tunnustas s\u00fcnnip\u00e4eva eel kolleegipreemiatega ERR-i t\u00f6\u00f6tajaid.<\/p>\n<p>Kolleegipreemiatega tunnustatakse ERR-i t\u00f6\u00f6tajaid silmapaistva t\u00f6\u00f6 ja p\u00fchendumise eest. Traditsiooniliselt kuulutatakse preemiad v\u00e4lja ERR-i s\u00fcnnip\u00e4eva paiku, 1. juunil m\u00f6\u00f6dub 19 aastat Eesti Rahvusringh\u00e4\u00e4lingu loomisest.<\/p>\n<p>Kolleegipreemiad p\u00e4lvisid 2026. aastal:<\/p>\n<p>Veebiuudiste toimetaja Mari Peegel<\/p>\n<p>Teleuudiste toimetaja-saatejuht Margarita Tanajeva<\/p>\n<p>V\u00e4ljastuse arendusinsener Martin Kaitsa<\/p>\n<p>Raadio 4 toimetaja Mihhail Koma\u0161ko<\/p>\n<p>Pealavatehnik Heiki Soomre<\/p>\n<p>Teleuudiste toimetaja Iida-Mai Einmaa<\/p>\n<p>Programmi finantsjuht ja t\u00f6\u00f6keskkonnaspetsialist Uuve Puhm<\/p>\n<p>Telere\u017eiss\u00f6\u00f6r Elo Selirand<\/p>\n<p>Raadiouudiste toimetaja ja saatejuht Anett Peel<\/p>\n<p>Hooldus- ja remondigrupi meister Raoul Lootsar<\/p>\n<p>Veebiuudiste toimetaja Irina Dogatko<\/p>\n<p>Teleoperaator Heini Heinlaid<\/p>\n","protected":false},"excerpt":{"rendered":"Rahvusringh\u00e4\u00e4ling v\u00f5ttis reedel kokku pika hooaja ja tunnustas s\u00fcnnip\u00e4eva eel kolleegipreemiatega ERR-i t\u00f6\u00f6tajaid. Kolleegipreemiatega tunnustatakse ERR-i t\u00f6\u00f6tajaid silmapaistva&hellip;\n","protected":false},"author":2,"featured_media":191341,"comment_status":"","ping_status":"","sticky":false,"template":"","format":"standard","meta":{"footnotes":"","_share_on_mastodon":"0"},"categories":[12],"tags":[82081,26,27,37,33,35,3061,33836,2097,82083,34,36,31,32,21,82086,82091,82087,82090,28,29,82082,82080,82084,82085,19,25,82089,23,24,22,20,82088,30],"class_list":["post-191340","post","type-post","status-publish","format-standard","has-post-thumbnail","category-eesti","tag-anett-peel","tag-breaking-news","tag-breakingnews","tag-ee","tag-eesti","tag-eesti-keel","tag-eesti-rahvusringhaaling","tag-elo-selirand","tag-err","tag-err-i-kolleegipreemiad","tag-estonia","tag-estonian","tag-featured-news","tag-featurednews","tag-headlines","tag-heiki-soomre","tag-heini-heinlaid","tag-iida-mai-einmaa","tag-irina-dogatko","tag-latest-news","tag-latestnews","tag-margarita-tanajeva","tag-mari-peegel","tag-martin-kaitsa","tag-mihhail-komasko","tag-news","tag-populaarseimad-lood","tag-raoul-lootsar","tag-top-stories","tag-topstories","tag-uldised-uudised","tag-uudised","tag-uuve-puhm","tag-viimased-uudised"],"share_on_mastodon":{"url":"","error":"Validation failed: Text character limit of 500 exceeded"},"_links":{"self":[{"href":"https:\/\/www.europesays.com\/ee\/wp-json\/wp\/v2\/posts\/191340","targetHints":{"allow":["GET"]}}],"collection":[{"href":"https:\/\/www.europesays.com\/ee\/wp-json\/wp\/v2\/posts"}],"about":[{"href":"https:\/\/www.europesays.com\/ee\/wp-json\/wp\/v2\/types\/post"}],"author":[{"embeddable":true,"href":"https:\/\/www.europesays.com\/ee\/wp-json\/wp\/v2\/users\/2"}],"replies":[{"embeddable":true,"href":"https:\/\/www.europesays.com\/ee\/wp-json\/wp\/v2\/comments?post=191340"}],"version-history":[{"count":0,"href":"https:\/\/www.europesays.com\/ee\/wp-json\/wp\/v2\/posts\/191340\/revisions"}],"wp:featuredmedia":[{"embeddable":true,"href":"https:\/\/www.europesays.com\/ee\/wp-json\/wp\/v2\/media\/191341"}],"wp:attachment":[{"href":"https:\/\/www.europesays.com\/ee\/wp-json\/wp\/v2\/media?parent=191340"}],"wp:term":[{"taxonomy":"category","embeddable":true,"href":"https:\/\/www.europesays.com\/ee\/wp-json\/wp\/v2\/categories?post=191340"},{"taxonomy":"post_tag","embeddable":true,"href":"https:\/\/www.europesays.com\/ee\/wp-json\/wp\/v2\/tags?post=191340"}],"curies":[{"name":"wp","href":"https:\/\/api.w.org\/{rel}","templated":true}]}}