{"id":191346,"date":"2026-05-30T18:10:12","date_gmt":"2026-05-30T18:10:12","guid":{"rendered":"https:\/\/www.europesays.com\/ee\/191346\/"},"modified":"2026-05-30T18:10:12","modified_gmt":"2026-05-30T18:10:12","slug":"ehmatus-enne-balti-turniiri-jalga-loogi-saanud-sinjavski-pidi-mangu-varakult-pooleli-jatma-soccernet-ee","status":"publish","type":"post","link":"https:\/\/www.europesays.com\/ee\/191346\/","title":{"rendered":"Ehmatus enne Balti turniiri: jalga l\u00f6\u00f6gi saanud Sinjavski pidi m\u00e4ngu varakult pooleli j\u00e4tma &#8211; Soccernet.ee"},"content":{"rendered":"<p><img decoding=\"async\" src=\"https:\/\/www.europesays.com\/ee\/wp-content\/uploads\/2026\/05\/1762101854.jpg\" alt=\"Vlasi Sinjavski. Foto: Brit Maria Tael\"\/>&#13;\n<\/p>\n<p>Vlasi Sinjavski sai T\u0161ehhi k\u00f5rgliiga otsustavas \u00fcleminekum\u00e4ngus esimestel minutitel viga ja vajas vahetust. Vasakkaitsja s\u00f5nul peaks tegemist olema ehmatusega.<\/p>\n<p>Eesti koondise vasakkaitsja Vlasi Sinjavski pidas koduklubi Ostrava Banikuga \u00fcleminekum\u00e4nge, millest esimesega saadi Taborsko ees piisav &#8211; 3:0 &#8211; edumaa k\u00e4tte. Teises mat\u0161is n\u00e4itas Banik oma paremust veelgi selgemalt, kui k\u00f5mmutas esiliigast p\u00e4rit vastase v\u00f5rku viis palli. Nii s\u00e4ilitas kokku 8:0 v\u00f5idu k\u00e4tte saanud Banik koha T\u0161ehhi k\u00f5rgliigas.&#13;\n<\/p>\n<p>Sealjuures algas m\u00e4ng Baniku jaoks aga tagasil\u00f6\u00f6kidega, kui \u00fcheksandaks minutiks tuli teha \u00e4ra kaks vahetust. Neist viimane oli seotud p\u00f5hikoosseisu kuulunud Vlasi Sinjavskiga, kes oli p\u00e4rast \u00f5lavigastust kerkinud p\u00f5himeheks.&#13;\n<\/p>\n<p>Eesti koondise \u00e4\u00e4rekaitsja selgitas Soccernet.ee-le, et sai m\u00e4ngu esimestel minutitel l\u00f6\u00f6gi vastu jalga. Ta proovis edasi m\u00e4ngida, kuid ei suutnud ja k\u00fcsis vahetust. Kuna l\u00f6\u00f6k l\u00e4ks lihasesse, h\u00f5lmates pisut ka n\u00e4rvi, usub Sinjavski, et terveneb n-\u00f6 puukast n\u00e4dala p\u00e4rast toimuvaks Balti turniiri avam\u00e4nguks. Koondis koguneb esmasp\u00e4eval.<\/p>\n<p>Talvel Banikuga liitunud Sinjavski sai esindusrivistuses kirja \u00fcheksa k\u00f5rgliiga-, kaks \u00fclemineku &#8211; ja \u00fche karikam\u00e4ngu ning \u00fche resultatiivse s\u00f6\u00f6du. Terve 2025\/2026 hooaeg t\u00f5i talle \u00fcle 2600 m\u00e4nguminuti, Praha Bohemiansis s\u00e4ras ta viie v\u00e4ravas\u00f6\u00f6duga.                         <\/p>\n","protected":false},"excerpt":{"rendered":"&#13; Vlasi Sinjavski sai T\u0161ehhi k\u00f5rgliiga otsustavas \u00fcleminekum\u00e4ngus esimestel minutitel viga ja vajas vahetust. Vasakkaitsja s\u00f5nul peaks tegemist&hellip;\n","protected":false},"author":2,"featured_media":191347,"comment_status":"","ping_status":"","sticky":false,"template":"","format":"standard","meta":{"footnotes":"","_share_on_mastodon":"0"},"categories":[18],"tags":[32408,37,33,35,34,36,32413,1731,159,158,116,1732,1733],"class_list":["post-191346","post","type-post","status-publish","format-standard","has-post-thumbnail","category-sport","tag-banik","tag-ee","tag-eesti","tag-eesti-keel","tag-estonia","tag-estonian","tag-ostrava-banik","tag-sinjavski","tag-sport","tag-sports","tag-tsehhi","tag-tsehhi-korgliiga","tag-vlasi-sinjavski"],"share_on_mastodon":{"url":"https:\/\/pubeurope.com\/@ee\/116664875621505029","error":""},"_links":{"self":[{"href":"https:\/\/www.europesays.com\/ee\/wp-json\/wp\/v2\/posts\/191346","targetHints":{"allow":["GET"]}}],"collection":[{"href":"https:\/\/www.europesays.com\/ee\/wp-json\/wp\/v2\/posts"}],"about":[{"href":"https:\/\/www.europesays.com\/ee\/wp-json\/wp\/v2\/types\/post"}],"author":[{"embeddable":true,"href":"https:\/\/www.europesays.com\/ee\/wp-json\/wp\/v2\/users\/2"}],"replies":[{"embeddable":true,"href":"https:\/\/www.europesays.com\/ee\/wp-json\/wp\/v2\/comments?post=191346"}],"version-history":[{"count":0,"href":"https:\/\/www.europesays.com\/ee\/wp-json\/wp\/v2\/posts\/191346\/revisions"}],"wp:featuredmedia":[{"embeddable":true,"href":"https:\/\/www.europesays.com\/ee\/wp-json\/wp\/v2\/media\/191347"}],"wp:attachment":[{"href":"https:\/\/www.europesays.com\/ee\/wp-json\/wp\/v2\/media?parent=191346"}],"wp:term":[{"taxonomy":"category","embeddable":true,"href":"https:\/\/www.europesays.com\/ee\/wp-json\/wp\/v2\/categories?post=191346"},{"taxonomy":"post_tag","embeddable":true,"href":"https:\/\/www.europesays.com\/ee\/wp-json\/wp\/v2\/tags?post=191346"}],"curies":[{"name":"wp","href":"https:\/\/api.w.org\/{rel}","templated":true}]}}