{"id":191362,"date":"2026-05-30T18:36:20","date_gmt":"2026-05-30T18:36:20","guid":{"rendered":"https:\/\/www.europesays.com\/ee\/191362\/"},"modified":"2026-05-30T18:36:20","modified_gmt":"2026-05-30T18:36:20","slug":"live-dembele-realiseeris-penalti-ja-meistrite-liiga-finaalis-on-seis-viigis-lisaaeg-soccernet-ee","status":"publish","type":"post","link":"https:\/\/www.europesays.com\/ee\/191362\/","title":{"rendered":"LIVE: Dembele realiseeris penalti ja Meistrite liiga finaalis on seis viigis (lisaaeg!) &#8211; Soccernet.ee"},"content":{"rendered":"<p><img decoding=\"async\" src=\"https:\/\/www.europesays.com\/ee\/wp-content\/uploads\/2026\/05\/1780157768.jpg\" alt=\"Kai Havertz. Foto: Scanpix \/ FASSBENDER \/ AFP\"\/>&#13;\n<\/p>\n<p>T\u00e4na kell 19.00 pannakse pall k\u00e4ima Meistrite liiga finaalis Budapestis Puskas Arenal, kus kohtuvad PSG ja Arsenal. S\u00fcndmusi j\u00e4lgida ja kaasa r\u00e4\u00e4kida saab Soccernet.ee tekstip\u00f5hise LIVE-\u00fclekande vahendusel.<\/p>\n<p>Arsenal v\u00f5itis Meistrite liiga p\u00f5hihooaja, l\u00e4bides selle ainsana t\u00e4iseduga. Kaheksandikfinaalis alistas Londoni meeskond Leverkuseni Bayeri koondskooriga 3:1, veerandfinaalis Lissaboni Sportingu 1:0 ja poolfinaalis Madridi Atletico 2:1.&#13;\n<\/p>\n<p>PSG sai p\u00f5hihooajal 11. koha ning pidi alustama s\u00f5elm\u00e4nge 1\/16-finaalist, kus v\u00f5itis Monacot 5:4. Kaheksandikfinaalis purustas Pariisi tiim Chelsea 8:2, veerandfinaalis oldi paremad Liverpoolist 4:0 ja poolfinaalis M\u00fcncheni Bayernist 6:5.&#13;\n<\/p>\n<p>Arsenal krooniti t\u00e4navu 22-aastase vaheaja j\u00e4rel Inglismaa meistriks ning jahib n\u00fc\u00fcd oma ajaloo esimest Meistrite liiga trofeed. Euroopa tugevaima klubisarja finaalis on Arsenal m\u00e4nginud varem \u00fche korra &#8211; Mart Poomi ajal 2006. aastal, kui kaotati Barcelonale 1:2.<\/p>\n<p>T\u00e4navu viiendat korda j\u00e4rjest Prantsusmaa t\u0161empioniks tulnud PSG jahib oma teist j\u00e4rjestikust Meistrite liiga trofeed. V\u00f5idu korral saaks PSG-st sel sajandil alles teine klubi (Real Madridi j\u00e4rel), kes suutnud Meistrite liiga tiitlit kaitsta.&#13;\n<\/p>\n<p>Eelmisel hooajal l\u00e4ksid Arsenal ja PSG vastamisi Meistrite liiga poolfinaalis, kus PSG v\u00f5itis koondskooriga 3:1. Prantsusmaa klubi eest skoorisid Ousmane Dembele, Fabian Ruiz ja Achraf Hakimi. Arsenali auv\u00e4rava l\u00f5i Bukayo Saka.&#13;<\/p>\n","protected":false},"excerpt":{"rendered":"&#13; T\u00e4na kell 19.00 pannakse pall k\u00e4ima Meistrite liiga finaalis Budapestis Puskas Arenal, kus kohtuvad PSG ja Arsenal.&hellip;\n","protected":false},"author":2,"featured_media":191300,"comment_status":"","ping_status":"","sticky":false,"template":"","format":"standard","meta":{"footnotes":"","_share_on_mastodon":"0"},"categories":[5],"tags":[1610,26,27,37,33,35,34,36,31,32,21,28,29,143,4529,1190,77472,19,18031,25,2528,23,24,6639,22,20,30],"class_list":["post-191362","post","type-post","status-publish","format-standard","has-post-thumbnail","category-uldised-uudised","tag-arsenal","tag-breaking-news","tag-breakingnews","tag-ee","tag-eesti","tag-eesti-keel","tag-estonia","tag-estonian","tag-featured-news","tag-featurednews","tag-headlines","tag-latest-news","tag-latestnews","tag-live","tag-londoni-arsenal","tag-meistrite-liiga","tag-meistrite-liiga-finaal","tag-news","tag-paris-saint-germain","tag-populaarseimad-lood","tag-psg","tag-top-stories","tag-topstories","tag-uefa-meistrite-liiga","tag-uldised-uudised","tag-uudised","tag-viimased-uudised"],"share_on_mastodon":{"url":"https:\/\/pubeurope.com\/@ee\/116664977708301711","error":""},"_links":{"self":[{"href":"https:\/\/www.europesays.com\/ee\/wp-json\/wp\/v2\/posts\/191362","targetHints":{"allow":["GET"]}}],"collection":[{"href":"https:\/\/www.europesays.com\/ee\/wp-json\/wp\/v2\/posts"}],"about":[{"href":"https:\/\/www.europesays.com\/ee\/wp-json\/wp\/v2\/types\/post"}],"author":[{"embeddable":true,"href":"https:\/\/www.europesays.com\/ee\/wp-json\/wp\/v2\/users\/2"}],"replies":[{"embeddable":true,"href":"https:\/\/www.europesays.com\/ee\/wp-json\/wp\/v2\/comments?post=191362"}],"version-history":[{"count":0,"href":"https:\/\/www.europesays.com\/ee\/wp-json\/wp\/v2\/posts\/191362\/revisions"}],"wp:featuredmedia":[{"embeddable":true,"href":"https:\/\/www.europesays.com\/ee\/wp-json\/wp\/v2\/media\/191300"}],"wp:attachment":[{"href":"https:\/\/www.europesays.com\/ee\/wp-json\/wp\/v2\/media?parent=191362"}],"wp:term":[{"taxonomy":"category","embeddable":true,"href":"https:\/\/www.europesays.com\/ee\/wp-json\/wp\/v2\/categories?post=191362"},{"taxonomy":"post_tag","embeddable":true,"href":"https:\/\/www.europesays.com\/ee\/wp-json\/wp\/v2\/tags?post=191362"}],"curies":[{"name":"wp","href":"https:\/\/api.w.org\/{rel}","templated":true}]}}