{"id":191382,"date":"2026-05-30T19:42:13","date_gmt":"2026-05-30T19:42:13","guid":{"rendered":"https:\/\/www.europesays.com\/ee\/191382\/"},"modified":"2026-05-30T19:42:13","modified_gmt":"2026-05-30T19:42:13","slug":"loe-jarele-psg-on-teist-aastat-jarjest-meistrite-liiga-voitja-soccernet-ee","status":"publish","type":"post","link":"https:\/\/www.europesays.com\/ee\/191382\/","title":{"rendered":"LOE J\u00c4RELE: PSG on teist aastat j\u00e4rjest Meistrite liiga v\u00f5itja! &#8211; Soccernet.ee"},"content":{"rendered":"<p><img decoding=\"async\" src=\"https:\/\/www.europesays.com\/ee\/wp-content\/uploads\/2026\/05\/1780166941.jpg\" alt=\"PSG on Meistrite liiga v\u00f5itja. Foto: Scanpix \/ Ina Fassbender \/ AFP\"\/>&#13;\n<\/p>\n<p>Arsenal ja Pariisi Saint-Germain selgitasid Meistrite liiga v\u00f5itja v\u00e4lja penaltiseerias, kus rohkem k\u00fclma n\u00e4rvi jagus Pariisi pundil. Kohtumise normaal- ja lisaaeg l\u00f5ppesid seisuga 1:1.\u00a0<\/p>\n<p>Arsenal asus kohtumist kiirelt juhtima, kui kuuendal minutil l\u00f5i Leandro Trossardi s\u00f6\u00f6dust v\u00e4rava suurte m\u00e4ngude mees Kai Havertz. Seej\u00e4rel kulges m\u00e4ng sisuliselt PSG taktikepi all, ent Arsenal n\u00e4itas vaatamata sellele suurep\u00e4rast kaitset\u00f6\u00f6d. Avapoolaeg l\u00f5ppes Arsenali napis eduseisus.\u00a0&#13;\n<\/p>\n<p>Teinegi kolmveerandtund algas nii, nagu esimene l\u00f5ppes. Arsenal kaitses s\u00fcdikalt ja PSG nillis Londoni klubi karistusala l\u00e4histel. 66. minutil t\u00f5i viigi majja Ousmane Dembele, kes realiseeris 11 meetri karistusl\u00f6\u00f6gi. Viigiseisus l\u00f5ppes ka normaalaeg ning lisaajal suurt muutust ei tulnud.\u00a0&#13;\n<\/p>\n<p>Seega selgitati kohtumise v\u00f5itja v\u00e4lja penaltiseeria abiga. \u00dche korra eksis Eberechi Eze, misj\u00e4rel t\u00f5rjus David Raya Nuno Mendesi \u00fcrituse. Viimase penalti kihutas Gabriel \u00fcle v\u00e4rava.\u00a0&#13;<\/p>\n","protected":false},"excerpt":{"rendered":"&#13; Arsenal ja Pariisi Saint-Germain selgitasid Meistrite liiga v\u00f5itja v\u00e4lja penaltiseerias, kus rohkem k\u00fclma n\u00e4rvi jagus Pariisi pundil.&hellip;\n","protected":false},"author":2,"featured_media":191383,"comment_status":"","ping_status":"","sticky":false,"template":"","format":"standard","meta":{"footnotes":"","_share_on_mastodon":"0"},"categories":[5],"tags":[1610,26,27,37,33,35,34,36,31,32,21,28,29,143,4529,1190,77472,19,18031,25,2528,23,24,6639,22,20,30],"class_list":["post-191382","post","type-post","status-publish","format-standard","has-post-thumbnail","category-uldised-uudised","tag-arsenal","tag-breaking-news","tag-breakingnews","tag-ee","tag-eesti","tag-eesti-keel","tag-estonia","tag-estonian","tag-featured-news","tag-featurednews","tag-headlines","tag-latest-news","tag-latestnews","tag-live","tag-londoni-arsenal","tag-meistrite-liiga","tag-meistrite-liiga-finaal","tag-news","tag-paris-saint-germain","tag-populaarseimad-lood","tag-psg","tag-top-stories","tag-topstories","tag-uefa-meistrite-liiga","tag-uldised-uudised","tag-uudised","tag-viimased-uudised"],"share_on_mastodon":{"url":"https:\/\/pubeurope.com\/@ee\/116665237545219912","error":""},"_links":{"self":[{"href":"https:\/\/www.europesays.com\/ee\/wp-json\/wp\/v2\/posts\/191382","targetHints":{"allow":["GET"]}}],"collection":[{"href":"https:\/\/www.europesays.com\/ee\/wp-json\/wp\/v2\/posts"}],"about":[{"href":"https:\/\/www.europesays.com\/ee\/wp-json\/wp\/v2\/types\/post"}],"author":[{"embeddable":true,"href":"https:\/\/www.europesays.com\/ee\/wp-json\/wp\/v2\/users\/2"}],"replies":[{"embeddable":true,"href":"https:\/\/www.europesays.com\/ee\/wp-json\/wp\/v2\/comments?post=191382"}],"version-history":[{"count":0,"href":"https:\/\/www.europesays.com\/ee\/wp-json\/wp\/v2\/posts\/191382\/revisions"}],"wp:featuredmedia":[{"embeddable":true,"href":"https:\/\/www.europesays.com\/ee\/wp-json\/wp\/v2\/media\/191383"}],"wp:attachment":[{"href":"https:\/\/www.europesays.com\/ee\/wp-json\/wp\/v2\/media?parent=191382"}],"wp:term":[{"taxonomy":"category","embeddable":true,"href":"https:\/\/www.europesays.com\/ee\/wp-json\/wp\/v2\/categories?post=191382"},{"taxonomy":"post_tag","embeddable":true,"href":"https:\/\/www.europesays.com\/ee\/wp-json\/wp\/v2\/tags?post=191382"}],"curies":[{"name":"wp","href":"https:\/\/api.w.org\/{rel}","templated":true}]}}