{"id":191461,"date":"2026-05-31T00:58:09","date_gmt":"2026-05-31T00:58:09","guid":{"rendered":"https:\/\/www.europesays.com\/ee\/191461\/"},"modified":"2026-05-31T00:58:09","modified_gmt":"2026-05-31T00:58:09","slug":"werderi-tegevdirektor-kovasti-muljet-avaldanud-heinast-oli-selge-et-mio-lahkumise-jarel-soovime-karli-valja-osta-soccernet-ee","status":"publish","type":"post","link":"https:\/\/www.europesays.com\/ee\/191461\/","title":{"rendered":"Werderi tegevdirektor k\u00f5vasti muljet avaldanud Heinast: oli selge, et Mio lahkumise j\u00e4rel soovime Karli v\u00e4lja osta &#8211; Soccernet.ee"},"content":{"rendered":"<p><img decoding=\"async\" src=\"https:\/\/www.europesays.com\/ee\/wp-content\/uploads\/2026\/05\/1763062367.jpg\" alt=\"Karl Jakob Hein. Foto: Katariina Peetson \/ jalgpall.ee\"\/>&#13;\n<\/p>\n<p>Bremeni Werderi tegevjuht Clemens Fritz tunnistas, et Eesti koondise esikinda Karl Jakob Heina laenulepingu p\u00fcsivaks \u00fcleminekuks muutmine oli Saksamaa klubi jaoks ilmselge samm.\u00a0<\/p>\n<p>Heinast sai Werderi esikinnas p\u00e4rast seda, kui senine esinumber Mio Backhaus Freiburgi m\u00fc\u00fcdi. Fritzi hinnangul sobib kolme miljoni euro eest soetatud eestlane Werderi ridadesse ideaalselt. &#8220;Ta on juba noorelt saanud palju kogemusi ning olnud pikalt koondise p\u00f5hiv\u00e4ravavaht. Lisaks sobib ta meie meeskonda suurep\u00e4raselt ka inimesena,&#8221; vahendab Saksamaa v\u00e4ljaanne Bild Fritzi \u00f6eldut.\u00a0&#13;\n<\/p>\n<p>Suure osa ajast t\u00e4itis Hein varuv\u00e4ravavahi rolli ning sekkus vaid kahes kohtumises. &#8220;Oli muljetavaldav, kuidas ta keerulise olukorraga toime tuli ja selle vastu v\u00f5ttis. Seet\u00f5ttu oli otsus ta l\u00f5plikult meiega siduda \u2013 ka rahalisi tingimusi arvestades \u2013 lihtne,&#8221; j\u00e4tkas Fritz.\u00a0&#13;\n<\/p>\n<p>Bundesliga 15. tabelireal fini\u0161eerinud klubi tegevdirektor ei arva, et Heina v\u00e4heste m\u00e4nguminutite t\u00f5ttu tema ostuga risk v\u00f5eti. &#8220;J\u00e4lgisime Karli treeningutel pea aasta aega. Ta j\u00e4ttis fantastilise mulje ning kinnitas seda ka oma kahes m\u00e4ngus. Meile oli selge, et kui Mio lahkub, soovime Karli v\u00e4lja osta,\u201c s\u00f5nas Fritz.\u00a0<\/p>\n<p>Werder j\u00e4tkab aga varuv\u00e4ravavahi otsinguid. \u00dcheks kandidaadiks on Saksa v\u00e4ljaande andmetel Florian Kastenmeier, kes pallib D\u00fcsseldorfi Fortunas. &#8220;Nagu eelmisel aastalgi, soovime v\u00e4ravavahi kohale tugevat konkurentsi. Praegu uusi uudiseid siiski pole,&#8221; \u00fctles tegevdirektor.\u00a0                         <\/p>\n","protected":false},"excerpt":{"rendered":"&#13; Bremeni Werderi tegevjuht Clemens Fritz tunnistas, et Eesti koondise esikinda Karl Jakob Heina laenulepingu p\u00fcsivaks \u00fcleminekuks muutmine&hellip;\n","protected":false},"author":2,"featured_media":191462,"comment_status":"","ping_status":"","sticky":false,"template":"","format":"standard","meta":{"footnotes":"","_share_on_mastodon":"0"},"categories":[18],"tags":[4102,526,527,13882,37,33,35,34,36,532,536,51,159,158,539],"class_list":["post-191461","post","type-post","status-publish","format-standard","has-post-thumbnail","category-sport","tag-bremen","tag-bremeni-werder","tag-bundesliga","tag-clemens-fritz","tag-ee","tag-eesti","tag-eesti-keel","tag-estonia","tag-estonian","tag-hein","tag-karl-jakob-hein","tag-saksamaa","tag-sport","tag-sports","tag-werder"],"share_on_mastodon":{"url":"https:\/\/pubeurope.com\/@ee\/116666479968484763","error":""},"_links":{"self":[{"href":"https:\/\/www.europesays.com\/ee\/wp-json\/wp\/v2\/posts\/191461","targetHints":{"allow":["GET"]}}],"collection":[{"href":"https:\/\/www.europesays.com\/ee\/wp-json\/wp\/v2\/posts"}],"about":[{"href":"https:\/\/www.europesays.com\/ee\/wp-json\/wp\/v2\/types\/post"}],"author":[{"embeddable":true,"href":"https:\/\/www.europesays.com\/ee\/wp-json\/wp\/v2\/users\/2"}],"replies":[{"embeddable":true,"href":"https:\/\/www.europesays.com\/ee\/wp-json\/wp\/v2\/comments?post=191461"}],"version-history":[{"count":0,"href":"https:\/\/www.europesays.com\/ee\/wp-json\/wp\/v2\/posts\/191461\/revisions"}],"wp:featuredmedia":[{"embeddable":true,"href":"https:\/\/www.europesays.com\/ee\/wp-json\/wp\/v2\/media\/191462"}],"wp:attachment":[{"href":"https:\/\/www.europesays.com\/ee\/wp-json\/wp\/v2\/media?parent=191461"}],"wp:term":[{"taxonomy":"category","embeddable":true,"href":"https:\/\/www.europesays.com\/ee\/wp-json\/wp\/v2\/categories?post=191461"},{"taxonomy":"post_tag","embeddable":true,"href":"https:\/\/www.europesays.com\/ee\/wp-json\/wp\/v2\/tags?post=191461"}],"curies":[{"name":"wp","href":"https:\/\/api.w.org\/{rel}","templated":true}]}}