{"id":191517,"date":"2026-05-31T04:29:27","date_gmt":"2026-05-31T04:29:27","guid":{"rendered":"https:\/\/www.europesays.com\/ee\/191517\/"},"modified":"2026-05-31T04:29:27","modified_gmt":"2026-05-31T04:29:27","slug":"kui-raske-raud-mahub-peo-peale-militaarmudelite-minimaailm-eesti-sojamuuseumis","status":"publish","type":"post","link":"https:\/\/www.europesays.com\/ee\/191517\/","title":{"rendered":"Kui raske raud mahub peo peale: militaarmudelite minimaailm Eesti s\u00f5jamuuseumis"},"content":{"rendered":"<p class=\"Paragraph SCXW151406897 BCX0\">Eesti s\u00f5jamuuseumi n\u00e4itusel olevad mudelid p\u00e4rinevad meistrite J\u00fcri Sikka, Herman Henrik J\u00f5geva, Aare N\u00f5mme, Karl Kerdti, Uku Vasem\u00e4gi ja Aivo Eensoo kogudest.  <\/p>\n<p>Esindatud k\u00f5ik kuulsamad 20. sajandi s\u00f5dades kasutusel olnud raskerelvad<\/p>\n<p class=\"Paragraph SCXW151406897 BCX0\">V\u00e4ljas on ligi 200 eri m\u00f5\u00f5tkavas militaarmudelit, peamiselt tankid ja liikursuurt\u00fckid, aga leidub ka laevu, lennukeid, autosid, mootorrattaid ning isegi eksperimentaalseid relvi, mis j\u00f5udsid vaid prot\u00fc\u00fcbini v\u00f5i j\u00e4idki paberile. Esindatud on k\u00f5ik kuulsamad 20. sajandi s\u00f5dades kasutusel olnud raskerelvad. Enamik mudeleid on skaalas 1:72 v\u00f5i 1:35, suured s\u00f5jalaevad veel k\u00fcmme korda enam v\u00e4hendatud.  <\/p>\n<p class=\"Paragraph SCXW151406897 BCX0\">K\u00f5ige rikkalikum valik on n\u00e4itusel teise maailmas\u00f5ja aegset relvastust Saksamaalt, Suurbritanniast, N\u00f5ukogude Liidust, USA-st ja Jaapanist, aga leidub isegi t\u00e4nap\u00e4eval Ukrainas kasutusel olevate relvade mudeleid. Ei puudu kuulsad esimese maailmas\u00f5ja relvad nagu n\u00e4iteks maailma esimene lahingus kasutatud tank, brittide Mark I. Samas on olemas ka t\u00e4nap\u00e4evane Briti Challenger II tank, mis on meilgi kaitsev\u00e4e paraadidel osalenud.  <\/p>\n<p><img decoding=\"async\" src=\"https:\/\/www.europesays.com\/ee\/wp-content\/uploads\/2026\/05\/d7c55c1b-fb34-4d63-9564-540e88512054.jpg\" loading=\"lazy\" alt=\"Talvine dioraam Saksa tankiga Panzer VI Tiger I Ausf. E (1934-1944).\"\/><img decoding=\"async\" src=\"https:\/\/www.europesays.com\/ee\/wp-content\/uploads\/2026\/05\/e58cdab1-e324-4d13-b176-6496057bdb20.jpg\" loading=\"lazy\" alt=\"Vasakult teist masinat, Saksa r\u00fcndesuurt\u00fckki Sturmgesch\u00fctz III Ausf. G (1942-1945) saab elusuuruses n\u00e4ha Eesti s\u00f5jamuuseumi s\u00f5jatehnika angaaris.\"\/><img decoding=\"async\" src=\"https:\/\/www.europesays.com\/ee\/wp-content\/uploads\/2026\/05\/51e00036-7ad6-4106-b9c1-e5b306e360ab.jpg\" loading=\"lazy\" alt=\"Valik esimese ja teise maailmas\u00f5ja raskerelvi n\u00e4itusel.\"\/><\/p>\n<p class=\"Paragraph SCXW151406897 BCX0\">N\u00e4itus annab \u00fclevaate ka Eesti kaitsev\u00e4e relvadest ja s\u00f5idukitest nii teise maailmas\u00f5ja eelsel ajal kui ka p\u00e4rast taasiseseisvumist, mil oma riigikaitset uuesti \u00fcles ehitasime. N\u00e4iteks on v\u00e4lja pandud Prantsuse kergetank Renault FT-17 ja Poola TKS tankett ning veokid Unimog ja MAN. Viimased ei vaja tutvustamist \u00fchelegi reservv\u00e4elasele.  <\/p>\n<p class=\"Paragraph SCXW151406897 BCX0\">N\u00e4ituse m\u00f5te ei ole ainult tehnikat eksponeerida. Juttu on ka mudelivalmistamise peenest kunstist koos esmaste juhistega, kuidas selle hobiga ise algust teha. Nuga, viilid, liim ja liivapaber ning v\u00f5ibki omale tiigrit ehitama hakata.  <\/p>\n<p class=\"Paragraph SCXW151406897 BCX0\">Mudelin\u00e4itus j\u00e4\u00e4b Eesti s\u00f5jamuuseumi peamajas Viimsi m\u00f5isas avatuks 2027. aasta aprillini.  <\/p>\n<p class=\"Paragraph SCXW151406897 BCX0\">Tervelt seitse mudelina eksponeeritud masinat on Eesti s\u00f5jamuuseumis ka elusuuruses olemas. <a rel=\"noopener follow nofollow\" target=\"_blank\" href=\"https:\/\/esm.ee\/naitus\/sojatehnika-angaar\/\" data-rel-date-range=\"[]\">S\u00f5jatehnika angaari<\/a> kahes saalis on v\u00e4ljas Baltikumi suurim valik suurt\u00fckke, haubitsaid, tanke, liikursuurt\u00fckke ja militaars\u00f5idukeid peamiselt eelmise sajandi 1930.-60. aastatest. Ekspositsiooni kuulub ka valik Eesti kaitsev\u00e4e kasutuses olnud s\u00f5idukeid.  <\/p>\n","protected":false},"excerpt":{"rendered":"Eesti s\u00f5jamuuseumi n\u00e4itusel olevad mudelid p\u00e4rinevad meistrite J\u00fcri Sikka, Herman Henrik J\u00f5geva, Aare N\u00f5mme, Karl Kerdti, Uku Vasem\u00e4gi&hellip;\n","protected":false},"author":2,"featured_media":191518,"comment_status":"","ping_status":"","sticky":false,"template":"","format":"standard","meta":{"footnotes":"","_share_on_mastodon":"0"},"categories":[14],"tags":[74312,375,3312,131,378,2881,679,74313,130,2206,37,33,35,635,2717,34,36,25590,49066,1602,57441,45893,74311,74310,6007,11018,14307,11393,46207,373,28124,3155,387,74314,1999,5282,19593],"class_list":["post-191517","post","type-post","status-publish","format-standard","has-post-thumbnail","category-ari","tag-adblue","tag-ai","tag-apple","tag-ari","tag-auto","tag-autojuht","tag-autoleht","tag-autotund","tag-business","tag-chatgpt","tag-ee","tag-eesti","tag-eesti-keel","tag-elektriauto","tag-elisa","tag-estonia","tag-estonian","tag-hubriidauto","tag-jaarada","tag-liiklus","tag-operatsioonisusteem","tag-pistikhubriid","tag-rehv","tag-rehvitakso","tag-samsung","tag-smart-id","tag-soiduk","tag-starlink","tag-sulearvuti","tag-tehisintellekt","tag-tehnoulevaatus","tag-tele2","tag-telefon","tag-telefoninumbri-otsing","tag-telia","tag-valguskaabel","tag-xiaomi"],"share_on_mastodon":{"url":"https:\/\/pubeurope.com\/@ee\/116667309665125359","error":""},"_links":{"self":[{"href":"https:\/\/www.europesays.com\/ee\/wp-json\/wp\/v2\/posts\/191517","targetHints":{"allow":["GET"]}}],"collection":[{"href":"https:\/\/www.europesays.com\/ee\/wp-json\/wp\/v2\/posts"}],"about":[{"href":"https:\/\/www.europesays.com\/ee\/wp-json\/wp\/v2\/types\/post"}],"author":[{"embeddable":true,"href":"https:\/\/www.europesays.com\/ee\/wp-json\/wp\/v2\/users\/2"}],"replies":[{"embeddable":true,"href":"https:\/\/www.europesays.com\/ee\/wp-json\/wp\/v2\/comments?post=191517"}],"version-history":[{"count":0,"href":"https:\/\/www.europesays.com\/ee\/wp-json\/wp\/v2\/posts\/191517\/revisions"}],"wp:featuredmedia":[{"embeddable":true,"href":"https:\/\/www.europesays.com\/ee\/wp-json\/wp\/v2\/media\/191518"}],"wp:attachment":[{"href":"https:\/\/www.europesays.com\/ee\/wp-json\/wp\/v2\/media?parent=191517"}],"wp:term":[{"taxonomy":"category","embeddable":true,"href":"https:\/\/www.europesays.com\/ee\/wp-json\/wp\/v2\/categories?post=191517"},{"taxonomy":"post_tag","embeddable":true,"href":"https:\/\/www.europesays.com\/ee\/wp-json\/wp\/v2\/tags?post=191517"}],"curies":[{"name":"wp","href":"https:\/\/api.w.org\/{rel}","templated":true}]}}