{"id":191563,"date":"2026-05-31T07:05:09","date_gmt":"2026-05-31T07:05:09","guid":{"rendered":"https:\/\/www.europesays.com\/ee\/191563\/"},"modified":"2026-05-31T07:05:09","modified_gmt":"2026-05-31T07:05:09","slug":"aimar-ventsel-mida-natasa-eestist-arvab-arvamus","status":"publish","type":"post","link":"https:\/\/www.europesays.com\/ee\/191563\/","title":{"rendered":"Aimar Ventsel: mida Nata\u0161a Eestist arvab | Arvamus"},"content":{"rendered":"<p>Mul on sugulased Moskvas. Kunagi 19. sajandi l\u00f5pus l\u00e4ks keegi mu suguv\u00f5sast Moskvasse teenima, majateenijaks v\u00f5i nii ja sealt siis tulebki meie suguv\u00f5sa Moskva haru. Ning \u00fcks inimene, kellega ma viimastel aastak\u00fcmnetel olen tihedamalt suhelnud, on Nata\u0161a, kelle vanaema kaudu me sugulased oleme.<\/p>\n<p>Nata\u0161a on matemaatik, ta isa oli lennuv\u00e4e polkovnik, aga selline polkovnik, kes tegeles uute lennukite v\u00e4ljam\u00f5tlemisega ning vanade paremaks tegemisega. Insener vist \u00f6eldakse sellise kohta. Nii ongi juhtunud, et tema t\u00fctred \u00f5ppisid ka matemaatikat ja t\u00f6\u00f6tasid s\u00f5jat\u00f6\u00f6stusega seotud projektides, ehkki ametilt on Nata\u0161a \u00fche Moskva \u00fclikooli \u00f5ppej\u00f5ud. Kui ma Siberis k\u00e4isin, siis \u00f6\u00f6bisin enamasti sugulaste juures, samamoodi on Nata\u0161a ka Tallinnas k\u00e4inud.<\/p>\n<p>2011. aastal oli Nata\u0161a k\u00f5va Putini-kriitik. Tulemas olid just Vladimir Putini tagasivalimised, valimistulemus oli ilmselge ning k\u00f5ik mu tuttavad Moskvas ja Peterburis olid tigedad. Mitte tingimata selle p\u00e4rast, et Putin kandideeris, aga kogu valimiste protsess oli l\u00e4bin\u00e4htavalt v\u00f5lts. Kui Putin v\u00f5itis, puhkesid Venemaal protestid. V\u00f5i \u00f5igemini algasid protestid juba enne valimisi ning neid oli mitmek\u00fcmnes Venemaa linnas, ehkki r\u00e4\u00e4gitakse millegip\u00e4rast vaid Bolotnajast.<\/p>\n<p>Kuidagi juhtus nii, et mul oli 2014. aasta m\u00e4rtsis Moskvasse asja ja nii olin ma Moskvas just sel ajal kui Krimmis tehti v\u00f5ltsreferendum, Krimm palus ennast Venemaa koosseisu v\u00f5tta ning vastu ta v\u00f5etigi. M\u00e4letan, et kui ma Nata\u0161a uksest sisse astusin, siis esimene k\u00fcsimus, mille ta mulle esitas, oli: &#8220;Mida teil [Eestis] Ukrainast r\u00e4\u00e4gitakse?&#8221;<\/p>\n<p>Edasi ootas mind v\u00e4ga ebameeldiv \u00fcllatus, sest tuli v\u00e4lja, et mu vanema p\u00f5lvkonna Moskva sugulased olid muutunud Putini kriitikutest Putini kirglikeks pooldajateks ja seda seet\u00f5ttu, et nende armastatud president t\u00f5i &#8220;iidsed Vene alad&#8221; Krimmi poolsaare n\u00e4ol Venemaa r\u00fcppe. Ning Putini pooldajaks Nata\u0161a j\u00e4igi.<\/p>\n<p>Kui algas Venemaa-Ukraina t\u00e4iemahuline s\u00f5da, siis ma isegi ei kirjutanud Nata\u0161ale, ma lihtsalt tean, kuidas ta Venemaa propaganda dieedil olles asju n\u00e4eb. Nimelt on Nata\u0161al, nagu igal korralikul venemaalasel, kodus kaks televiisorit. \u00dcks on elutoas, teine k\u00f6\u00f6gis. Enne, kui hommikul kohvi hakatakse tegema, pannakse televiisor k\u00e4ima.<\/p>\n<p>&#8220;Eriti head informatsiooni kogumise kohad on riigitelevisiooni h\u00fcsteerilised jutusaated, mille vaatamiseks peavad meiesugusel ikka v\u00e4ga k\u00f5vad n\u00e4rvid olema.&#8221;<\/p>\n<p>Nata\u0161a peres on telekas kanali Rossija 1 peal ja nii jooksevad sealt katkematult k\u00f5ik propagandasaated ja talkshow&#8217;d, mida Vene riigimeedia oma inimeste (ja mitte ainult oma inimeste) ajude pesemiseks pakub. K\u00f5ik need Kisseljovi, Solovjovi ja teiste propagandistide saated on Nata\u0161a-suguste peamised infoallikad. Eriti head informatsiooni kogumise kohad on riigitelevisiooni h\u00fcsteerilised jutusaated, mille vaatamiseks peavad meiesugusel ikka v\u00e4ga k\u00f5vad n\u00e4rvid olema.<\/p>\n<p>M\u00f5ned aastad tagasi Nata\u0161a kirjutas mulle h\u00fcsteerilise kirja ja n\u00f5udis, et ma \u00fctleks, mida ma arvan Eesti presidendi k\u00e4itumisest. Mina ei teadnud \u00f6\u00f6d ega m\u00fctsi, millega on tegu. Hiljem selgus, et see oli see kord, kui president Alar Karis s\u00f5nas \u00fches intervjuus, et Eesti aitab oma liitlastel Venemaad p\u00f5lvili suruda. Kui ma sellest aru sain, siis vastasin umbes nii, et mul suhteliselt \u00fcksk\u00f5ik. Nata\u0161a k\u00fcsis, et kas mind ei huvita Eesti reputatsioon Venemaal. Mina j\u00e4lle vastasin, et kuna ma niikuinii enam Venemaale ei l\u00e4he, siis on ikka v\u00e4ga suva.<\/p>\n<p>Kui n\u00fc\u00fcd teha pikast loost l\u00fchikokkuv\u00f5te, siis Nata\u0161a kirjutab siiani aeg-ajalt, kui Eesti Venemaa meedias j\u00e4lle esile kerkib. Selles m\u00f5ttes on ta hea informatsiooniallikas, et ma saan m\u00f5ningase \u00fclevaate, mida Venemaal Eestist r\u00e4\u00e4gitakse.<\/p>\n<p>\u00dcks asi, mis on pidevalt jutuks, on NATO s\u00f5jav\u00e4ebaasid Eestis (mitmuses kusjuures) ning Eestis baseeruvad F-16 h\u00e4vitajad, mis olevat kohe valmis startima, et Peterburi ja Moskvat r\u00fcnnata. Samuti olen ma teada saanud, et kuna Peeter I maksis Eestimaa eest omal ajal Rootsile kompensatsiooni \u2013 mis muide vastabki t\u00f5ele \u2013 ja meie siin v\u00f5iksime \u00fcldse suu kinni pidada ja mitte kogu aeg r\u00e4\u00e4kida mingist okupatsioonist, sest Venemaa on Eesti juba 18 sajandil \u00e4ra ostnud.<\/p>\n<p>\u00dcks plaat, mida Venemaal Eesti kohta pidevalt k\u00e4iatakse, on see, kui t\u00e4namatud on ikkagi &#8220;pribaldid&#8221; selle eest, et Venemaa neid terve n\u00f5ukogude aja \u00fclal pidas, ise vaesuses elades. Et mis okupatsioon \u00fcldse? Ja kui Eesti taasiseseisvus, siis oli meie SKP nii suur \u00fcksnes t\u00e4nu vene rahva vennalikule eneseohverdusele.<\/p>\n<p>Eriti haigeks l\u00e4ks asi siis, kui Nata\u0161a hakkas \u00e4hvardama tuumal\u00f6\u00f6giga Tallinnale, kui eestlased ei j\u00e4ta NATO baaside pidamist Eestis. &#8220;Tallinna vanalinnast on muidugi kahju,&#8221; kirjutas Nata\u0161a eriti \u00f5elalt. Ja seda kirjutas inimene, kes mitte v\u00e4ga ammu s\u00f5itis Eestisse, et nautida Tallinna vanalinnas k\u00e4imist. Eriti h\u00e4mmastav oli muidugi see, et tegemist on \u00fclikooli \u00f5ppej\u00f5u ning matemaatikuga.<\/p>\n<p>Nata\u0161aga suheldes olen hakanud aru saama, miks paljud ukrainlased on katkestanud suhted oma Venemaa sugulastega. Ma olen ka aru saanud, et meilgi kultveeritav narratiiv, nagu oleksid Venemaa haritlased Putini-kriitilised ja s\u00f5ja vastu, on jama.<\/p>\n<p>Ei, Nata\u0161a pole ainukene Venemaa intellektuaal, kes k\u00f5igest hingest vihkab Ukrainat ja ukrainlasi, soovib Eesti tankidega maatasa teha ning usub igasuguseid jaburdusi, mida meie kohta Venemaal kirjutatakse ja r\u00e4\u00e4gitakse. No kasv\u00f5i selline absurdne uudis, et Baltimaad on inimestest niiv\u00f5rd t\u00fchjaks voolanud, et meil jalutavad linnat\u00e4navatel karud.<\/p>\n<p>Kui ma midagi veel olen taibanud, siis mingit &#8220;normaalset&#8221; l\u00e4bisaamist Venemaaga olema ei saa. Nata\u0161a-sugused ei muutu, \u00fcksk\u00f5ik, mida meie &#8220;heade venelaste&#8221; s\u00f5brad kokku ei fantaseeri. Ja ma pole sugugi kindel, et ma tahan kunagi Nata\u0161at \u00fcle\u00fcldse n\u00e4ost n\u00e4kku n\u00e4ha.<\/p>\n","protected":false},"excerpt":{"rendered":"Mul on sugulased Moskvas. Kunagi 19. sajandi l\u00f5pus l\u00e4ks keegi mu suguv\u00f5sast Moskvasse teenima, majateenijaks v\u00f5i nii ja&hellip;\n","protected":false},"author":2,"featured_media":191564,"comment_status":"","ping_status":"","sticky":false,"template":"","format":"standard","meta":{"footnotes":"","_share_on_mastodon":"0"},"categories":[12],"tags":[15319,26,27,37,33,35,34,36,31,32,21,28,29,54,19,25,616,1049,23,24,22,20,12550,96,30,661],"class_list":["post-191563","post","type-post","status-publish","format-standard","has-post-thumbnail","category-eesti","tag-aimar-ventsel","tag-breaking-news","tag-breakingnews","tag-ee","tag-eesti","tag-eesti-keel","tag-estonia","tag-estonian","tag-featured-news","tag-featurednews","tag-headlines","tag-latest-news","tag-latestnews","tag-nato","tag-news","tag-populaarseimad-lood","tag-propaganda","tag-soda","tag-top-stories","tag-topstories","tag-uldised-uudised","tag-uudised","tag-venelased","tag-venemaa","tag-viimased-uudised","tag-vladimir-putin"],"share_on_mastodon":{"url":"https:\/\/pubeurope.com\/@ee\/116667922914488783","error":""},"_links":{"self":[{"href":"https:\/\/www.europesays.com\/ee\/wp-json\/wp\/v2\/posts\/191563","targetHints":{"allow":["GET"]}}],"collection":[{"href":"https:\/\/www.europesays.com\/ee\/wp-json\/wp\/v2\/posts"}],"about":[{"href":"https:\/\/www.europesays.com\/ee\/wp-json\/wp\/v2\/types\/post"}],"author":[{"embeddable":true,"href":"https:\/\/www.europesays.com\/ee\/wp-json\/wp\/v2\/users\/2"}],"replies":[{"embeddable":true,"href":"https:\/\/www.europesays.com\/ee\/wp-json\/wp\/v2\/comments?post=191563"}],"version-history":[{"count":0,"href":"https:\/\/www.europesays.com\/ee\/wp-json\/wp\/v2\/posts\/191563\/revisions"}],"wp:featuredmedia":[{"embeddable":true,"href":"https:\/\/www.europesays.com\/ee\/wp-json\/wp\/v2\/media\/191564"}],"wp:attachment":[{"href":"https:\/\/www.europesays.com\/ee\/wp-json\/wp\/v2\/media?parent=191563"}],"wp:term":[{"taxonomy":"category","embeddable":true,"href":"https:\/\/www.europesays.com\/ee\/wp-json\/wp\/v2\/categories?post=191563"},{"taxonomy":"post_tag","embeddable":true,"href":"https:\/\/www.europesays.com\/ee\/wp-json\/wp\/v2\/tags?post=191563"}],"curies":[{"name":"wp","href":"https:\/\/api.w.org\/{rel}","templated":true}]}}