{"id":19160,"date":"2025-10-14T08:58:08","date_gmt":"2025-10-14T08:58:08","guid":{"rendered":"https:\/\/www.europesays.com\/ee\/19160\/"},"modified":"2025-10-14T08:58:08","modified_gmt":"2025-10-14T08:58:08","slug":"tartu-tervishoiu-korgkool-vottis-aasta-oppeasutuse-juhi-ulla-preedeni-vastu-ullatusega","status":"publish","type":"post","link":"https:\/\/www.europesays.com\/ee\/19160\/","title":{"rendered":"Tartu tervishoiu k\u00f5rgkool v\u00f5ttis aasta \u00f5ppeasutuse juhi Ulla Preedeni vastu \u00fcllatusega"},"content":{"rendered":"<p>Eile, Ulla Preedeni esimesel t\u00f6\u00f6p\u00e4eval p\u00e4rast kauget l\u00e4hetust, \u00fcllatas koolipere rektorit spontaanse auhinnatseremooniaga.<\/p>\n<p>Lisaks rahalisele preemiale andis haridus- ja teadusministeeriumi asekantsler Henry Kattago Ulla Preedenile \u00fcle v\u00e4ikese Joosepi kuju. See kujutab endast poissi, kes hoiab k\u00e4es maakera, mis s\u00fcmboliseerib kogu maailma teadmisi. P\u00e4rast \u00f5nnitlemist nautis koolipere koos kooki.<\/p>\n","protected":false},"excerpt":{"rendered":"Eile, Ulla Preedeni esimesel t\u00f6\u00f6p\u00e4eval p\u00e4rast kauget l\u00e4hetust, \u00fcllatas koolipere rektorit spontaanse auhinnatseremooniaga. Lisaks rahalisele preemiale andis haridus-&hellip;\n","protected":false},"author":2,"featured_media":19161,"comment_status":"","ping_status":"","sticky":false,"template":"","format":"standard","meta":{"footnotes":"","_share_on_mastodon":"0"},"categories":[5],"tags":[26,27,37,33,35,34,36,31,32,8412,21,28,29,19,25,249,11307,23,24,22,11308,20,30],"class_list":["post-19160","post","type-post","status-publish","format-standard","has-post-thumbnail","category-uldised-uudised","tag-breaking-news","tag-breakingnews","tag-ee","tag-eesti","tag-eesti-keel","tag-estonia","tag-estonian","tag-featured-news","tag-featurednews","tag-hariduspreemia","tag-headlines","tag-latest-news","tag-latestnews","tag-news","tag-populaarseimad-lood","tag-tartu","tag-tartu-tervishoiu-korgkool","tag-top-stories","tag-topstories","tag-uldised-uudised","tag-ulla-preeden","tag-uudised","tag-viimased-uudised"],"share_on_mastodon":{"url":"","error":""},"_links":{"self":[{"href":"https:\/\/www.europesays.com\/ee\/wp-json\/wp\/v2\/posts\/19160","targetHints":{"allow":["GET"]}}],"collection":[{"href":"https:\/\/www.europesays.com\/ee\/wp-json\/wp\/v2\/posts"}],"about":[{"href":"https:\/\/www.europesays.com\/ee\/wp-json\/wp\/v2\/types\/post"}],"author":[{"embeddable":true,"href":"https:\/\/www.europesays.com\/ee\/wp-json\/wp\/v2\/users\/2"}],"replies":[{"embeddable":true,"href":"https:\/\/www.europesays.com\/ee\/wp-json\/wp\/v2\/comments?post=19160"}],"version-history":[{"count":0,"href":"https:\/\/www.europesays.com\/ee\/wp-json\/wp\/v2\/posts\/19160\/revisions"}],"wp:featuredmedia":[{"embeddable":true,"href":"https:\/\/www.europesays.com\/ee\/wp-json\/wp\/v2\/media\/19161"}],"wp:attachment":[{"href":"https:\/\/www.europesays.com\/ee\/wp-json\/wp\/v2\/media?parent=19160"}],"wp:term":[{"taxonomy":"category","embeddable":true,"href":"https:\/\/www.europesays.com\/ee\/wp-json\/wp\/v2\/categories?post=19160"},{"taxonomy":"post_tag","embeddable":true,"href":"https:\/\/www.europesays.com\/ee\/wp-json\/wp\/v2\/tags?post=19160"}],"curies":[{"name":"wp","href":"https:\/\/api.w.org\/{rel}","templated":true}]}}