{"id":191765,"date":"2026-05-31T12:16:09","date_gmt":"2026-05-31T12:16:09","guid":{"rendered":"https:\/\/www.europesays.com\/ee\/191765\/"},"modified":"2026-05-31T12:16:09","modified_gmt":"2026-05-31T12:16:09","slug":"kumme-kahtlast-juhtumit-kes-saboteerib-saksa-merevage","status":"publish","type":"post","link":"https:\/\/www.europesays.com\/ee\/191765\/","title":{"rendered":"K\u00fcmme kahtlast juhtumit: kes saboteerib Saksa merev\u00e4ge?"},"content":{"rendered":"<p>Viimasena, k\u00e4esoleva aasta veebruari l\u00f5pus, leiti Wilhelmshavenis fregati Rheinland-Pfalz k\u00fctuseliinist kahesentimeetrine l\u00f5he. <a rel=\"noopener nofollow\" target=\"_blank\" href=\"https:\/\/www.delfi.ee\/teema\/64521436\/bundeswehr\" tag-id=\"64521436\">Bundeswehr<\/a> eeldab, et kahju tekitati tahtlikult, <a rel=\"noopener follow nofollow\" target=\"_blank\" href=\"https:\/\/correctiv.org\/hybride-kriegsfuehrung\/2026\/05\/29\/kriegsschiff-beschaedigt-erneut-sabotageverdacht-bei-der-marine\/\" data-rel-date-range=\"[]\">teatas CORRECTIV<\/a>.<\/p>\n<p>\u201eP\u00f5him\u00f5tteliselt v\u00f5ime kinnitada, et mitme kahtlustatava sabotaa\u017eijuhtumi t\u00f5ttu on muutunud laevatehastes asuvate merev\u00e4e\u00fcksuste ning ehitamisel olevate s\u00f5jalaevade ohuolukord,\u201c \u00fctles Bundeswehri pressiesindaja.<\/p>\n<p>Juhtumist teatati uurimisorganitele m\u00e4rtsis, kuid Oldenburgi prokuratuuri andmetel l\u00f5petati uurimine hiljem. Ametiv\u00f5imudel ei olnud v\u00f5imalik kindlaks teha, kas p\u00f5hjuseks oli tahtlik kahjustamine, kulumine v\u00f5i materjalidefekt.<\/p>\n<p>K\u00fcmme sabotaa\u017eijuhtumit aasta jooksul<\/p>\n<p>Veel \u00fcks v\u00f5imalik sabotaa\u017eijuhtum leidis aset 2025. aasta jaanuaris <a rel=\"noopener nofollow\" target=\"_blank\" href=\"https:\/\/www.delfi.ee\/teema\/96938219\/hamburgi-sadam\" tag-id=\"96938219\">Hamburgi sadamas<\/a> asuva Blohm+Vossi laevatehase kontrollimise k\u00e4igus.<\/p>\n<p>S\u00f5jalaeval Emden leiti masinaruumist mitu kilogrammi materjali, mis oleks v\u00f5inud tekitada m\u00e4rkimisv\u00e4\u00e4rset kahju \u2013 tegemist oli laevapindade puhastamiseks kasutatava liivaga, teatas Tagesschau.<\/p>\n<p>Hamburgi kriminaaluurimisosakond ja prokuratuur teatasid, et tegemist oli arvatavasti sabotaa\u017eiga. Seoses juhtumiga vahistati 37-aastane rumeenlane ja 54-aastane kreeklane, kes t\u00f6\u00f6tasid arvatavasti  Hamburgi sadamas. Prokuratuur ei nimetanud teo v\u00f5imalikke algatajaid.<\/p>\n<p>Eelmisel aastal oli juba olnud mitu kahtlustatavat sabotaa\u017ei juhtumit: \u00fchel merev\u00e4e s\u00f5jalaeval l\u00f5igati l\u00e4bi kaablid. Teisel juhul valati ilmselt tahtlikult kasutatud \u00f5li laeva joogivees\u00fcsteemi. M\u00f5lemal juhul l\u00f5petas prokuratuur menetluse.<\/p>\n<p>L\u00e4\u00e4ne julgeolekuringkondade andmetel v\u00f5ib sabotaa\u017ei taga olla Venemaa. Julgeolekuteenistused peavad Saksamaad \u00fcheks Venemaa r\u00fcnnakute peamiseks sihtm\u00e4rgiks, kuna Saksamaa on \u00fcks Ukraina olulisemaid toetajaid Venemaa agressioonis\u00f5ja t\u00f5rjumisel.<\/p>\n<p>Seet\u00f5ttu hoiatavad Saksamaa Liitvabariigi Konstitutsioonikaitse Amet (BfV) ja Liitvabariigi Kriminaalpolitsei (BKA) nn \u00fchekordsete agentide eest. Need on peamiselt sotsiaalmeedia v\u00f5rgustike kaudu v\u00e4rvatud v\u00e4ikekurjategijad, keda \u00f5hutatakse sabotaa\u017eiaktide sooritamisele. Nende k\u00e4sutajad maksavad neile sageli kr\u00fcptovaluutas.<\/p>\n<p>Tasuks on mitusada eurot. Suuremate t\u00f6\u00f6de puhul, mis h\u00f5lmavad NATO liikmetele kuuluva s\u00f5javarustuse sabotaa\u017ei, pakutakse arvatavasti k\u00fcmneid tuhandeid eurosid.<\/p>\n<p>Kuidas see lugu Sind end tundma pani? Saada <a href=\"https:\/\/forte.delfi.ee\/artikkel\/120587528\/kumme-kahtlast-juhtumit-kes-saboteerib-saksa-merevage\/kommentaarid\" class=\"article-body-bottom__comment article-body-bottom__comment--write button button--primary button--size-auto\" rel=\"nofollow noopener\" target=\"_blank\"> Kommenteeri <\/a><a href=\"https:\/\/forte.delfi.ee\/artikkel\/120587528\/kumme-kahtlast-juhtumit-kes-saboteerib-saksa-merevage\/kommentaarid\" class=\"article-body-bottom__comment article-body-bottom__comment--read button button--size-auto\" rel=\"nofollow noopener\" target=\"_blank\"> Loe kommentaare (4)<\/a><\/p>\n","protected":false},"excerpt":{"rendered":"Viimasena, k\u00e4esoleva aasta veebruari l\u00f5pus, leiti Wilhelmshavenis fregati Rheinland-Pfalz k\u00fctuseliinist kahesentimeetrine l\u00f5he. Bundeswehr eeldab, et kahju tekitati tahtlikult,&hellip;\n","protected":false},"author":2,"featured_media":191766,"comment_status":"","ping_status":"","sticky":false,"template":"","format":"standard","meta":{"footnotes":"","_share_on_mastodon":"0"},"categories":[80],"tags":[26,27,7824,37,33,35,34,36,31,32,48095,21,28,29,95,19,25,4344,23,24,22,20,30,92,93,94],"class_list":["post-191765","post","type-post","status-publish","format-standard","has-post-thumbnail","category-maailm","tag-breaking-news","tag-breakingnews","tag-bundeswehr","tag-ee","tag-eesti","tag-eesti-keel","tag-estonia","tag-estonian","tag-featured-news","tag-featurednews","tag-hamburgi-sadam","tag-headlines","tag-latest-news","tag-latestnews","tag-maailm","tag-news","tag-populaarseimad-lood","tag-sabotaaz","tag-top-stories","tag-topstories","tag-uldised-uudised","tag-uudised","tag-viimased-uudised","tag-world","tag-world-news","tag-worldnews"],"share_on_mastodon":{"url":"https:\/\/pubeurope.com\/@ee\/116669145851374877","error":""},"_links":{"self":[{"href":"https:\/\/www.europesays.com\/ee\/wp-json\/wp\/v2\/posts\/191765","targetHints":{"allow":["GET"]}}],"collection":[{"href":"https:\/\/www.europesays.com\/ee\/wp-json\/wp\/v2\/posts"}],"about":[{"href":"https:\/\/www.europesays.com\/ee\/wp-json\/wp\/v2\/types\/post"}],"author":[{"embeddable":true,"href":"https:\/\/www.europesays.com\/ee\/wp-json\/wp\/v2\/users\/2"}],"replies":[{"embeddable":true,"href":"https:\/\/www.europesays.com\/ee\/wp-json\/wp\/v2\/comments?post=191765"}],"version-history":[{"count":0,"href":"https:\/\/www.europesays.com\/ee\/wp-json\/wp\/v2\/posts\/191765\/revisions"}],"wp:featuredmedia":[{"embeddable":true,"href":"https:\/\/www.europesays.com\/ee\/wp-json\/wp\/v2\/media\/191766"}],"wp:attachment":[{"href":"https:\/\/www.europesays.com\/ee\/wp-json\/wp\/v2\/media?parent=191765"}],"wp:term":[{"taxonomy":"category","embeddable":true,"href":"https:\/\/www.europesays.com\/ee\/wp-json\/wp\/v2\/categories?post=191765"},{"taxonomy":"post_tag","embeddable":true,"href":"https:\/\/www.europesays.com\/ee\/wp-json\/wp\/v2\/tags?post=191765"}],"curies":[{"name":"wp","href":"https:\/\/api.w.org\/{rel}","templated":true}]}}