{"id":191906,"date":"2026-05-31T15:59:25","date_gmt":"2026-05-31T15:59:25","guid":{"rendered":"https:\/\/www.europesays.com\/ee\/191906\/"},"modified":"2026-05-31T15:59:25","modified_gmt":"2026-05-31T15:59:25","slug":"eesti-majandus-kasvas-neljandat-kvartalit-jarjest","status":"publish","type":"post","link":"https:\/\/www.europesays.com\/ee\/191906\/","title":{"rendered":"Eesti majandus kasvas neljandat kvartalit j\u00e4rjest"},"content":{"rendered":"<p>\n<a href=\"https:\/\/www.eesti.ca\/pics\/2026\/05\/62472_001.jpeg\" data-rel=\"lightbox-article\" title=\"\" rel=\"nofollow noopener\" target=\"_blank\"><img decoding=\"async\" src=\"https:\/\/www.europesays.com\/ee\/wp-content\/uploads\/2026\/05\/62472_001_t.jpeg\" alt=\" - pics\/2026\/05\/62472_001_t.jpeg\" style=\"max-width:100%;\"\/><\/a>Statistikaameti andmetel suurenes sisemajanduse koguprodukt (SKP) 2026. aasta esimeses kvartalis v\u00f5rreldes eelmise aasta sama ajaga 2,4%. Jooksevhindades moodustas SKP esimeses kvartalis 10,2 miljardit eurot.<\/p>\n<p>Statistikaameti rahvamajanduse arvepidamise teenusejuhi Robert M\u00fc\u00fcrsepa s\u00f5nul n\u00e4gime \u00fcle 2% majanduskasvu viimati 2022. aasta esimeses kvartalis. \u201eSKP suurenes esimeses kvartalis neljandat kvartalit j\u00e4rjest,\u201c lisas M\u00fc\u00fcrsepp.<\/p>\n<p>\u201eValdav osa tegevusaladest m\u00f5jutasid majandust esimeses kvartalis positiivselt, kuid pigem tagasihoidlikult,\u201c kommenteeris M\u00fc\u00fcrsepp ja lisas, et kolmandat kvartalit j\u00e4rjest m\u00f5jutas majanduskasvu enim t\u00f6\u00f6tlev t\u00f6\u00f6stus, mille lisandv\u00e4\u00e4rtus suurenes 7%.<\/p>\n<p>Suur m\u00f5ju oli ka haldus- ja abitegevusel, mille lisandv\u00e4\u00e4rtus kasvas 11,6%. J\u00e4rgnevate tegevusalade panus j\u00e4i tagasihoidlikumaks, kuid lisandv\u00e4\u00e4rtuse kasvu n\u00e4itasid ka p\u00f5llumajandus, metsandus ja kalandus (10,2%), energeetika (5,5%) ning kunst, meelelahutus ja vaba aeg (5%). Suurematest tegevusaladest olid positiivse m\u00f5juga veel kutse-, teadus- ja tehnikaalane tegevus, ehitus, veondus ja laondus.<\/p>\n<p>Olulisematest tegevusaladest oli v\u00e4hese negatiivse m\u00f5juga kaubandus (-0,8%). Suurim negatiivne m\u00f5ju majandusele oli aga info ja side tegevusalal, mille lisandv\u00e4\u00e4rtus kahanes 10,9%. Majandust pidurdas veel tervishoiu ja sotsiaalhoolekande tegevusala (-4,8%). Kuigi lisandv\u00e4\u00e4rtus v\u00e4henes ka majutuses ja toitlustuses (-4,9%), m\u00e4et\u00f6\u00f6stuses (-5,4%), veevarustuses ja kanalisatsioonis (-4,5%), siis nende tegevusalade m\u00f5ju ei olnud m\u00e4rkimisv\u00e4\u00e4rne.<\/p>\n<p><a href=\"https:\/\/www.eesti.ca\/pics\/2026\/05\/62472_001.svg\" data-rel=\"lightbox-article\" title=\"\" rel=\"nofollow noopener\" target=\"_blank\"><img decoding=\"async\" src=\"https:\/\/www.eesti.ca\/pics\/2026\/05\/62472_001.svg\" alt=\" - pics\/2026\/05\/62472_001.svg\" style=\"max-width:100%;\"\/><\/a><br \/>Esimeses kvartalis lisandv\u00e4\u00e4rtus suurenes ja eratarbimine hakkas kasvama<\/p>\n<p>Advertisement \/ Reklaam<\/p>\n<p>Advertisement \/ Reklaam<\/p>\n<p>\tLisandv\u00e4\u00e4rtus kasvas esimeses kvartalis 1,5%. Lisandv\u00e4\u00e4rtus tekib, kui lahutada ettev\u00f5tete k\u00e4ibest (rahvamajanduse arvepidamises toodangust) tootmissisenditele minevad kulud. Mittefinantsettev\u00f5tete lisandv\u00e4\u00e4rtus kasvas 0,7%, finantsettev\u00f5tetel 2,2%, mittetulundussektoris 2,4% ja valitsemissektoris 4,7%.<\/p>\n<p>\u201eKuna lisandv\u00e4\u00e4rtus kasvas peaaegu k\u00f5igis sektorites, vaid v\u00e4ikese erandiga kodumajapidamiste n\u00e4ol, v\u00f5ib \u00f6elda, et esimeses kvartalis tugevnes majandus k\u00fcllaltki laiap\u00f5hjaliselt,\u201c s\u00f5nas M\u00fc\u00fcrsepp ja lisas, et kuigi toodangu kasv oli ulatuslik, siis lisandv\u00e4\u00e4rtust pidurdas kiire vahetarbimise kasv.<\/p>\n<p>Esimeses kvartalis l\u00e4ks varasemast tuntavalt paremini eratarbimisel, mis suurenes 4,2%. \u201eSee on kiireim eratarbimise kasv p\u00e4rast 2022. aasta teist kvartalit,\u201c t\u00f5i M\u00fc\u00fcrsepp v\u00e4lja. Enim suurenesid kodumajapidamiste kulutused transpordile ning vabale ajale, spordile ja kultuurile. Samuti kasvasid v\u00e4ljaminekud kindlustus- ja finantsteenustele ning muudele kaupadele ja teenustele. V\u00e4henesid vaid kulutused alkoholile ja tubakale, veidi ka toidule.<\/p>\n<p>Valitsemissektori l\u00f5pptarbimine kasvas 4,8%, mida m\u00f5jutasid enim riigikaitsekulutused.<\/p>\n<p>Netotootemaksud moodustasid peaaegu poole majanduskasvust ja suurenesid esimeses kvartalis 9%. Kasvas nii k\u00e4ibemaksu, tollimaksu kui ka aktsiiside laekumine.<\/p>\n<p>Investeeringute ja v\u00e4liskaubanduse kasv oli tagasihoidlik<\/p>\n<p>M\u00fc\u00fcrsepp t\u00f5i v\u00e4lja, et kui \u00fclej\u00e4\u00e4nud majanduse k\u00e4ek\u00e4ik esimeses kvartalis selgelt paranes, siis investeeringud j\u00e4id pigem tagasihoidlikuks, v\u00e4henedes 13,3%. \u201eViimati olid esimese kvartali investeeringud nii madalad 2017. aastal,\u201c lisas ta.<\/p>\n<p>Investeeringud kasvasid v\u00e4hesel m\u00e4\u00e4ral ainult valitsemissektoris (4,4%) ja mittetulundussektoris (5,2%). Mittefinantsettev\u00f5tetes (-19,7%), finantsettev\u00f5tetes (-21,7%) ja kodumajapidamistes (-15,8%) investeeringud kahanesid. Eelk\u00f5ige paistis silma mittefinantsettev\u00f5tete investeeringute v\u00e4henemine muudesse hoonetesse ja rajatistesse (-39,5%) ning masinatesse ja seadmetesse (-9,6%). Kodumajapidamiste investeeringud eluruumidesse kahanesid 16,6%.<\/p>\n<p>Advertisement \/ Reklaam<\/p>\n<p>Advertisement \/ Reklaam<\/p>\n<p>\tV\u00e4liskaubanduse m\u00f5ju majandusele oli esimeses kvartalis v\u00e4hene: eksport suurenes 0,6% ja import 1,6%. Netoeksport moodustas vaid 0,3% SKP-st ehk 32 miljonit eurot. Eksporti toetas eelk\u00f5ige teenuste m\u00fc\u00fcgi 1,5% suurenemine, importi kaupade sisseveo 2,3% kasv.<\/p>\n<p>Kaubavahetust m\u00f5jutasid metallitoodete ning mitterahakulla ekspordi ja impordi kasv. Teenustevahenduses kasvas mitmete transporditeenuste m\u00fc\u00fck, aga ka kultuuri- ja meelelahutusteenuste m\u00fc\u00fck.<\/p>\n<p>Sesoonselt ja t\u00f6\u00f6p\u00e4evade arvuga korrigeeritud SKP kasvas v\u00f5rreldes eelmise aasta neljanda kvartaliga 1,1% ja v\u00f5rreldes eelmise aasta esimese kvartaliga 2,4%.<\/p>\n<p><a href=\"https:\/\/www.eesti.ca\/pics\/2026\/05\/62472_002.svg\" data-rel=\"lightbox-article\" title=\"\" rel=\"nofollow noopener\" target=\"_blank\"><img decoding=\"async\" src=\"https:\/\/www.eesti.ca\/pics\/2026\/05\/62472_002.svg\" alt=\" - pics\/2026\/05\/62472_002.svg\" style=\"max-width:100%;\"\/><\/a><\/p>\n","protected":false},"excerpt":{"rendered":"Statistikaameti andmetel suurenes sisemajanduse koguprodukt (SKP) 2026. aasta esimeses kvartalis v\u00f5rreldes eelmise aasta sama ajaga 2,4%. Jooksevhindades moodustas&hellip;\n","protected":false},"author":2,"featured_media":191907,"comment_status":"","ping_status":"","sticky":false,"template":"","format":"standard","meta":{"footnotes":"","_share_on_mastodon":"0"},"categories":[5],"tags":[4362,26,27,37,33,4358,35,4360,34,36,4359,4364,4357,31,32,21,1554,28,29,19,25,23,24,22,20,4361,4363,30],"class_list":["post-191906","post","type-post","status-publish","format-standard","has-post-thumbnail","category-uldised-uudised","tag-ajaleht","tag-breaking-news","tag-breakingnews","tag-ee","tag-eesti","tag-eesti-elu","tag-eesti-keel","tag-eestielu","tag-estonia","tag-estonian","tag-estonian-life","tag-estonian-media","tag-estonian-world-review","tag-featured-news","tag-featurednews","tag-headlines","tag-kanada","tag-latest-news","tag-latestnews","tag-news","tag-populaarseimad-lood","tag-top-stories","tag-topstories","tag-uldised-uudised","tag-uudised","tag-valiseesti","tag-valiseestlased","tag-viimased-uudised"],"share_on_mastodon":{"url":"https:\/\/pubeurope.com\/@ee\/116670022540591767","error":""},"_links":{"self":[{"href":"https:\/\/www.europesays.com\/ee\/wp-json\/wp\/v2\/posts\/191906","targetHints":{"allow":["GET"]}}],"collection":[{"href":"https:\/\/www.europesays.com\/ee\/wp-json\/wp\/v2\/posts"}],"about":[{"href":"https:\/\/www.europesays.com\/ee\/wp-json\/wp\/v2\/types\/post"}],"author":[{"embeddable":true,"href":"https:\/\/www.europesays.com\/ee\/wp-json\/wp\/v2\/users\/2"}],"replies":[{"embeddable":true,"href":"https:\/\/www.europesays.com\/ee\/wp-json\/wp\/v2\/comments?post=191906"}],"version-history":[{"count":0,"href":"https:\/\/www.europesays.com\/ee\/wp-json\/wp\/v2\/posts\/191906\/revisions"}],"wp:featuredmedia":[{"embeddable":true,"href":"https:\/\/www.europesays.com\/ee\/wp-json\/wp\/v2\/media\/191907"}],"wp:attachment":[{"href":"https:\/\/www.europesays.com\/ee\/wp-json\/wp\/v2\/media?parent=191906"}],"wp:term":[{"taxonomy":"category","embeddable":true,"href":"https:\/\/www.europesays.com\/ee\/wp-json\/wp\/v2\/categories?post=191906"},{"taxonomy":"post_tag","embeddable":true,"href":"https:\/\/www.europesays.com\/ee\/wp-json\/wp\/v2\/tags?post=191906"}],"curies":[{"name":"wp","href":"https:\/\/api.w.org\/{rel}","templated":true}]}}