{"id":192036,"date":"2026-05-31T19:47:11","date_gmt":"2026-05-31T19:47:11","guid":{"rendered":"https:\/\/www.europesays.com\/ee\/192036\/"},"modified":"2026-05-31T19:47:11","modified_gmt":"2026-05-31T19:47:11","slug":"eesti-legendid-viigisadamasse-tuurinud-pohlak-ja-reim-koige-suurem-probleem-oli-see-et-sargid-ei-mahtunud-selga-soccernet-ee","status":"publish","type":"post","link":"https:\/\/www.europesays.com\/ee\/192036\/","title":{"rendered":"Eesti legendid viigisadamasse t\u00fc\u00fcrinud Pohlak ja Reim: k\u00f5ige suurem probleem oli see, et s\u00e4rgid ei mahtunud selga! &#8211; Soccernet.ee"},"content":{"rendered":"<p><img decoding=\"async\" src=\"https:\/\/www.europesays.com\/ee\/wp-content\/uploads\/2026\/05\/1780246986.jpg\" alt=\"Eesti koondise legendide algkoosseis Gruusia vanameistrite vastu. Foto: Anna Andreas\"\/>&#13;\n<\/p>\n<p>Koduse EM-finaalturniiri j\u00e4rel p\u00e4\u00e4sesid rahvusstaadionil rambivalgusesse Eesti koondise legendid, kes ristasid piigid Gruusia vanameistritega. Soccernet.ee hoidis 2:2 viigiga l\u00f5ppenud m\u00e4ngul silma peal ja muljetas l\u00f5puvile j\u00e4rel asjaosalistega.\u00a0<\/p>\n<p>Kohtumise eel kumbki meeskond legendide m\u00e4ngule omaselt soojendusele r\u00f5hku ei pannud ning suuremat sorti organiseeritus puudus. Legende t\u00fc\u00fcrinud kaaspeatreenerid Aivar Pohlak ja Martin Reim n\u00f5ustusid sellega. &#8220;Iga\u00fcks sai personaalset l\u00e4henemist, me ei v\u00f5tnud k\u00f5iki \u00fchel pulgal. Mehed on ise targad, k\u00f5ik on ju treenerid,&#8221; t\u00f5des Reim muigega.\u00a0&#8220;Me keelasime meestel liiga vara v\u00e4lja minna!&#8221; lisas Pohlak.\u00a0&#13;\n<\/p>\n<p>Avavile k\u00f5lades l\u00e4heneti m\u00e4ngule samuti s\u00f5bralikult ja antud t\u00fc\u00fcpi m\u00e4ngule omaselt. Avav\u00e4rava l\u00f5i kaheksandal minutil Dmitri Kruglov, mispeale soovis algrivisse kuulunud Teet Allas vahetusmeeste pingile siirduda. K\u00fcll aga ei olnud keegi n\u00f5us tema asemel p\u00f5llule jooksma. Veidi peale veerandtunni t\u00e4itumist sai ka Gruusia esimest korda palli v\u00e4ravasse, ent \u00e4\u00e4rekohtunik kergitas lippu ja v\u00e4rav t\u00fchistati.\u00a0&#13;\n<\/p>\n<p>35. minutil suutis aga Gruusia viigistada ning 40 minuti m\u00f6\u00f6dudes k\u00f5las avapoolaja l\u00f5puvile. 65. minutil viis Tarmo Neemelo hinnanguliselt 150 silmapaari ees Eesti legendid meisterliku individuaalse sooritusega taas juhtima, ent veidi enam kui k\u00fcmne minuti j\u00e4rel Gruusia viigistas. Legendide s\u00f5bralik m\u00f5\u00f5duv\u00f5tt l\u00f5ppeski seisuga 2:2.\u00a0<\/p>\n<p>&#8220;Ma ei m\u00e4letagi, millal viimati m\u00e4nguj\u00e4rgset intervjuud andsin!&#8221;&#13;\n<\/p>\n<p>Nii r\u00e4\u00e4kis kohtumise j\u00e4rel Eesti r\u00fcnde\u00e4ss Rimo Hunt. Endise Tallinna Levadia ja N\u00f5mme Kalju m\u00e4ngumehe hinnangul oli m\u00e4ng igati s\u00f5bralik. &#8220;Huvitavad v\u00f5itluspaarid olid olemas, aga need olid sellised s\u00f5bralikud v\u00f5itlused, mitte midagi ohtlikku ega hullu. K\u00f5ige parem oli ikkagi sellise muru peal \u00fcle pika aja m\u00e4ngida. See tekitas kohe esimesena suuri emotsioone.&#8221;&#13;\n<\/p>\n<p>Hunt tunnistas, et nii legendaarsetel m\u00e4ngumeestel pole ettevalmistust vaja. &#8220;Kui m\u00e4ngid selliste kor\u00fcfeedega koos, siis lihtsalt mine ja naudi. Nagu n\u00e4ha, siis osadel on jalgadel p\u00fcsimisega probleemid, aga kui see v\u00e4lja j\u00e4tta, siis m\u00f5istmisega on h\u00e4sti. Isiklikus plaanis hoian vormis ennast, hobikorras m\u00e4ngin ka teist liigat. Vorm v\u00f5iks parem olla, aga ei ole k\u00f5ige hullem,&#8221; t\u00f5des Hunt muigega.\u00a0<\/p>\n<p>&#8220;Prins on meil selline k\u00f5ige soliidsemas eas, aga tema tegi ka oma osa t\u00e4iesti \u00e4ra. Pooled olid enam-v\u00e4hem vormis ja pooled oleks v\u00f5inud olla paremas vormis,&#8221; j\u00e4tkas ta. Kokkum\u00e4ngu osas polnud Hundi hinnangul aga v\u00e4himatki probleemi. &#8220;\u00dctleme nii, et see punt, kes t\u00e4na koos oli, k\u00f5ik tunnevad \u00fcksteist. Kui muul ajal n\u00e4hakse, aetakse paar s\u00f5na juttu. K\u00f5igil on oma side olemas.&#8221;&#13;\n<\/p>\n<p><img decoding=\"async\" src=\"https:\/\/www.europesays.com\/ee\/wp-content\/uploads\/2026\/05\/1780253501.jpg\" alt=\"Rimo Hunt. Foto: Anna Andreas\"\/>&#13;\n<\/p>\n<p>Peatreenerid: k\u00f5ik \u00fcllatasid!&#13;\n<\/p>\n<p>&#8220;Suur arutelu oli edasi-tagasi vahetustega,&#8221; tunnistas Reim vahetult p\u00e4rast kohtumist. &#8220;Tasakaalu hoidmine erinevate nurkade alt oli v\u00e4ga oluline, et me ei kaotaks \u00e4ra struktuuri ja selgroogu. Vahepeal vaatasime ka n\u00e4gusid, et kas keegi on v\u00e4ga kurb,&#8221; muljetas Pohlak.\u00a0<\/p>\n<p>Kohtumise eel esitasid m\u00e4ngijad peatreeneritele m\u00e4nguminutite osas oma soovid. &#8220;Markus J\u00fcrgenson osales maksimaalse m\u00e4nguajaga, kuna ta oli sellise avalduse teinud,&#8221; avaldas Pohlak. M\u00f5ned m\u00e4ngijad soovisid m\u00e4ngida nii, kuidas jalg lubab, m\u00f5ned viis kuni k\u00fcmme minutit.\u00a0&#13;\n<\/p>\n<p>Soorituse osas ei olnud kummalgi peatreeneril v\u00e4himatki etteheidet. &#8220;Isegi vana Tarmo [Neemelo] tuli meelde,&#8221; tunnistas Reim. Pohlak t\u00f5des, et temale avaldasid muljet k\u00f5ik v\u00e4ljakule astunud mehed. &#8220;Me vaatasime, et mingid m\u00e4ngijad peavad sees olema, et me jaksaks hoida tempot,&#8221; avas Pohlak treenerit\u00f6\u00f6 tagamaid.\u00a0&#13;\n<\/p>\n<p>Valged m\u00e4ngus\u00e4rgid tuleb maha kanda&#13;\n<\/p>\n<p>&#8220;Valgetel s\u00e4rkidel paistab see k\u00f5ht liiga palju v\u00e4lja,&#8221; muigas Reim. &#8220;Me m\u00f5tlesime m\u00e4ngu ajal selle peale, et me peame endale ka mustad vormid tellima. Loomulikult m\u00e4ngu struktuuri me hoidsime m\u00e4ngijatega, kes olid paremas f\u00fc\u00fcsilises vormis,&#8221; lisas Pohlak.\u00a0<\/p>\n<p>Peatreenerid n\u00f5ustusid, et k\u00f5ige suuremaks probleemiks oli piisava suurusega m\u00e4ngus\u00e4rgi leidmine. &#8220;Tihtipeale on m\u00e4ngijatel see, et m\u00f5te jookseb v\u00e4ga h\u00e4sti, aga keha ei j\u00f5ua alati j\u00e4rgi. K\u00f5ik, kes natuke kosunud on, seda me saame hakata p\u00e4\u00e4stma vormiga. Tumedad s\u00e4rgid, suuremad vormid,&#8221; r\u00e4\u00e4kis Reim. &#8220;See oli ka probleem tegelikult. Ma pidin survestama jalgpalliliidu varustuse osakonda, et [Vjat\u0161eslav] Zahovaikole leitaks piisavalt suur s\u00e4rk,&#8221; lisas Pohlak.\u00a0&#13;\n<\/p>\n<p><img decoding=\"async\" src=\"https:\/\/www.europesays.com\/ee\/wp-content\/uploads\/2026\/05\/1780253504.jpg\" alt=\"Vjat\u0161eslav Zahovaiko kohtumise eel. Foto: Anna Andreas\"\/>&#13;\n<\/p>\n<p>&#8220;Hea, et garderoobis ajakirjanikke polnud. Viikm\u00e4e sai l\u00f5puks s\u00e4rgi selga, aga ta ei saanud seda enam \u00e4ra, tuli koos karvadega,&#8221; r\u00e4\u00e4kis Reim riietusruumis toimunust.\u00a0&#13;\n<\/p>\n<p>Pohlak avaldas, et kohtumise eel arutati m\u00e4ngu tingimused Gruusia vutiliidu presidendi Levan Kobia\u0161viliga l\u00e4bi. &#8220;Me teadsime, et meil on m\u00f5lemas meeskonnas 10\u201312 m\u00e4ngijat, kes suudavad p\u00f5hiraskust kanda. Sellistes m\u00e4ngudes on oluline kokku leppida ka loogika.&#8221;<\/p>\n<p>Peatreenerid olid \u00fchel meelel, et k\u00f5ige t\u00e4htsam on see, et m\u00e4ngijad l\u00f5puvile j\u00e4rel v\u00e4ljakult ka \u00fches t\u00fckis lahkuks. &#8220;Grusiinidelt k\u00fcsisime ka l\u00f5puvile j\u00e4rel, et kuidas teil olukord on,&#8221; r\u00e4\u00e4kis Pohlak.\u00a0&#13;\n<\/p>\n<p>Eesti ja Gruusia legendide koosseisud:\u00a0&#13;\n<\/p>\n<p>Eesti:\u00a0Pavel Londak, Martin Kaalma, Teet Allas, Igor Morozov, Rimo Hunt, Aivar Anniste, Sergei Mo\u0161nikov, Kristen Viikm\u00e4e, Vjat\u0161eslav Zahovaiko, Dmitri Kruglov, Tarmo Neemelo, Vladimir Voskoboinikov, Jevgeni Novikov, Markus J\u00fcrgenson, Andrei Stepanov, Marko Kristal, Andres Oper, Aleksandr Dmitrijev, Igor Prins.\u00a0&#13;\n<\/p>\n<p>Gruusia:\u00a0Georgii Navalovskii, Otar Martsvaladze, Alexander Kobakhidze, Shota Kashia, Lasha Totadze, Irakli Klimiashvili, George Ganugrava, Levan Khmaladze, Rati Aleksidze, Dato Kvirkvelia, Roini Kvaskhvadze, Bachana Tskhadadze, Temur Bochorishvili, Gelazonia Givi, Alexander Iashvili, Vladimir Dvalishvili, Nikoloz Tschkheidze, Merab Vardzukashvili.&#13;<\/p>\n","protected":false},"excerpt":{"rendered":"&#13; Koduse EM-finaalturniiri j\u00e4rel p\u00e4\u00e4sesid rahvusstaadionil rambivalgusesse Eesti koondise legendid, kes ristasid piigid Gruusia vanameistritega. Soccernet.ee hoidis 2:2&hellip;\n","protected":false},"author":2,"featured_media":192037,"comment_status":"","ping_status":"","sticky":false,"template":"","format":"standard","meta":{"footnotes":"","_share_on_mastodon":"0"},"categories":[18],"tags":[37,33,35,82175,34,36,82176,10636,22316,159,158],"class_list":["post-192036","post","type-post","status-publish","format-standard","has-post-thumbnail","category-sport","tag-ee","tag-eesti","tag-eesti-keel","tag-eesti-legendid","tag-estonia","tag-estonian","tag-gruusia-legendid","tag-legendid","tag-soprusmang","tag-sport","tag-sports"],"share_on_mastodon":{"url":"https:\/\/pubeurope.com\/@ee\/116670919334624959","error":""},"_links":{"self":[{"href":"https:\/\/www.europesays.com\/ee\/wp-json\/wp\/v2\/posts\/192036","targetHints":{"allow":["GET"]}}],"collection":[{"href":"https:\/\/www.europesays.com\/ee\/wp-json\/wp\/v2\/posts"}],"about":[{"href":"https:\/\/www.europesays.com\/ee\/wp-json\/wp\/v2\/types\/post"}],"author":[{"embeddable":true,"href":"https:\/\/www.europesays.com\/ee\/wp-json\/wp\/v2\/users\/2"}],"replies":[{"embeddable":true,"href":"https:\/\/www.europesays.com\/ee\/wp-json\/wp\/v2\/comments?post=192036"}],"version-history":[{"count":0,"href":"https:\/\/www.europesays.com\/ee\/wp-json\/wp\/v2\/posts\/192036\/revisions"}],"wp:featuredmedia":[{"embeddable":true,"href":"https:\/\/www.europesays.com\/ee\/wp-json\/wp\/v2\/media\/192037"}],"wp:attachment":[{"href":"https:\/\/www.europesays.com\/ee\/wp-json\/wp\/v2\/media?parent=192036"}],"wp:term":[{"taxonomy":"category","embeddable":true,"href":"https:\/\/www.europesays.com\/ee\/wp-json\/wp\/v2\/categories?post=192036"},{"taxonomy":"post_tag","embeddable":true,"href":"https:\/\/www.europesays.com\/ee\/wp-json\/wp\/v2\/tags?post=192036"}],"curies":[{"name":"wp","href":"https:\/\/api.w.org\/{rel}","templated":true}]}}