{"id":192202,"date":"2026-06-01T04:40:21","date_gmt":"2026-06-01T04:40:21","guid":{"rendered":"https:\/\/www.europesays.com\/ee\/192202\/"},"modified":"2026-06-01T04:40:21","modified_gmt":"2026-06-01T04:40:21","slug":"draama-kaotusseisust-kubaraga-valja-tulnud-horvaatia-jai-uhte-varavat-taga-nutma-suursoosik-hispaania-paases-napilt-soccernet-ee","status":"publish","type":"post","link":"https:\/\/www.europesays.com\/ee\/192202\/","title":{"rendered":"Draama! Kaotusseisust k\u00fcbaraga v\u00e4lja tulnud Horvaatia j\u00e4i \u00fchte v\u00e4ravat taga nutma, suursoosik Hispaania p\u00e4\u00e4ses napilt &#8211; Soccernet.ee"},"content":{"rendered":"<p><a href=\"https:\/\/soccernet.ee\/fotod\/u17-eesti-horvaatia\" rel=\"nofollow noopener\" target=\"_blank\"><img decoding=\"async\" src=\"https:\/\/www.europesays.com\/ee\/wp-content\/uploads\/2026\/06\/1779993098.jpg\" alt=\"Horvaatia koondis lahkub Eestist suure pettumusega. Foto: Brit Maria Tael\"\/><\/a>&#13;\n<\/p>\n<p>Eestiga U17 vanuseklassi EM-finaalturniiril samasse alagruppi kuulunud Hispaania ja Horvaatia etendasid Rakveres dramaatilise vaatem\u00e4ngu, mis kaunistaks iga tippturniiri. Suursoosikutena Eestisse saabunud hispaanlased olid katastroofile l\u00e4hedal, kuid Horvaatia l\u00f5puspurt j\u00e4i hiljaks.<\/p>\n<p>Kohtumise eel oli paremas seisus seni m\u00f5lemad m\u00e4ngud v\u00f5itnud Hispaania, kuid m\u00f5lemad meeskonnad teadsid, et kui Belgia suudab samal ajal Tallinnas Eesti meeskonnast jagu saada, v\u00f5ib edasip\u00e4\u00e4seja selguda Hispaania, Horvaatia ja Belgia vahelises surnud ringis. Etteruttavalt &#8211; t\u00e4pselt nii ka l\u00e4ks, kuid sinna j\u00f5uti v\u00e4ga suurte k\u00e4\u00e4nakute kaudu.&#13;\n<\/p>\n<p>V\u00f5itu vajanud Horvaatia alustas suurep\u00e4raselt, sest Osijeki j\u00f5uline r\u00fcndaja Jakov Dedic kasutas juba 3. minutil hispaanlaste kaitses valitsenud segaduse \u00e4ra ja avas skoori. Sellelt seisult mindi ka pausile, kuid teisel poolajal hakkasid asjad horvaatide jaoks kiiva kiskuma. Esmalt viigistas Joaquin Sanchez 56. minutil p\u00e4rast Ebrima Tunkara tsenderdust peal\u00f6\u00f6giga seisu ja 77. minutil viis Enzo Alves juba hispaanlased juhtima.&#13;\n<\/p>\n<p>Pealtn\u00e4ha lootusetus seisus leidis \u00fcks mees veel Horvaatia vedamiseks j\u00f5udu. Dedic tegi soolor\u00fcnnakust 82. minutil seisuks 2:2 ja l\u00f5i 89. minutil v\u00e4ravavahist tagasip\u00f5rkunud palli kolmandatki korda Hispaania v\u00f5rku. Horvaatiale j\u00e4i l\u00f5puks 3:2 v\u00f5idust siiski suhu \u00e4\u00e4rmiselt m\u00f5ru maik, sest Belgia suutis Eesti vastu napist 1:0 edust kinni hoida ja nii l\u00f5petaski tugev trio v\u00f5rdselt kuue punkti peal.<\/p>\n<p>Vastavalt turniiri reglemendile vaadati seega kahe edasip\u00e4\u00e4seja selgitamiseks kolme koondise omavahelisi kohtumisi. K\u00f5igil oli kirjas v\u00f5it ja kaotus, seega osutus m\u00e4\u00e4ravaks v\u00e4ravate vahe. Belgia oli v\u00f5itnud Horvaatiat 2:0 ja kaotanud Hispaaniale 0:1 ehk nende v\u00e4ravate vahe oli +1. Hispaaniale l\u00e4ks kirja 1:0 v\u00f5it Belgia \u00fcle ja 2:3 kaotus Horvaatiale ehk v\u00e4ravate vaheks j\u00e4i 0, sellal kui Horvaatia l\u00f5petas 3:2 v\u00f5iduga Hispaania \u00fcle ja 0:2 kaotusega Belgiale &#8211; v\u00e4ravate vahe -1.&#13;\n<\/p>\n<p>Seega ei aidanud Dedici k\u00fcbaratrikk Horvaatiat poolfinaali &#8211; sinna j\u00f5udmiseks oleks tulnud v\u00f5ita Hispaaniat v\u00e4hemalt kahe v\u00e4ravaga. Belgia kerkis aga omavahelise m\u00e4ngu kaotusest hoolimata alagrupi v\u00f5itjaks, j\u00e4ttes Hispaania teisele kohale.&#13;\n<\/p>\n<p>Poolfinaalivastaseid j\u00e4\u00e4vad belglased ja hispaanlased ootama esmasp\u00e4evastest B-alagrupi viimastest kohtumistest, kus l\u00e4hevad vastamisi Taani ja Itaalia ning Prantsusmaa ja Montenegro. Poolfinaalid peetakse 4. juulil Kadrioru ja Lillek\u00fcla staadionil, EM-finaal toimub j\u00e4rgmisel p\u00fchap\u00e4eval ehk 7. juunil kell 20.00 Lillek\u00fclas.&#13;\n<\/p>\n<p>Hispaania &#8211; Horvaatia 2:3 (0:1)<br \/>&#13;<br \/>\n56. Joaquin Sanchez, 77. Enzo Alves &#8211; 3., 82., 89. Jakov Dedic&#13;<\/p>\n","protected":false},"excerpt":{"rendered":"&#13; Eestiga U17 vanuseklassi EM-finaalturniiril samasse alagruppi kuulunud Hispaania ja Horvaatia etendasid Rakveres dramaatilise vaatem\u00e4ngu, mis kaunistaks iga&hellip;\n","protected":false},"author":2,"featured_media":192203,"comment_status":"","ping_status":"","sticky":false,"template":"","format":"standard","meta":{"footnotes":"","_share_on_mastodon":"0"},"categories":[80],"tags":[81387,26,27,82192,37,33,35,82193,81388,34,36,31,32,21,110,7489,82194,82195,28,29,95,19,25,23,24,4028,81573,22,20,30,92,93,94],"class_list":["post-192202","post","type-post","status-publish","format-standard","has-post-thumbnail","category-maailm","tag-alves","tag-breaking-news","tag-breakingnews","tag-dedic","tag-ee","tag-eesti","tag-eesti-keel","tag-enzo","tag-enzo-alves","tag-estonia","tag-estonian","tag-featured-news","tag-featurednews","tag-headlines","tag-hispaania","tag-horvaatia","tag-jakov-dedic","tag-joaquin-sanchez","tag-latest-news","tag-latestnews","tag-maailm","tag-news","tag-populaarseimad-lood","tag-top-stories","tag-topstories","tag-u17","tag-u17-finaalturniir","tag-uldised-uudised","tag-uudised","tag-viimased-uudised","tag-world","tag-world-news","tag-worldnews"],"share_on_mastodon":{"url":"","error":"Validation failed: Text character limit of 500 exceeded"},"_links":{"self":[{"href":"https:\/\/www.europesays.com\/ee\/wp-json\/wp\/v2\/posts\/192202","targetHints":{"allow":["GET"]}}],"collection":[{"href":"https:\/\/www.europesays.com\/ee\/wp-json\/wp\/v2\/posts"}],"about":[{"href":"https:\/\/www.europesays.com\/ee\/wp-json\/wp\/v2\/types\/post"}],"author":[{"embeddable":true,"href":"https:\/\/www.europesays.com\/ee\/wp-json\/wp\/v2\/users\/2"}],"replies":[{"embeddable":true,"href":"https:\/\/www.europesays.com\/ee\/wp-json\/wp\/v2\/comments?post=192202"}],"version-history":[{"count":0,"href":"https:\/\/www.europesays.com\/ee\/wp-json\/wp\/v2\/posts\/192202\/revisions"}],"wp:featuredmedia":[{"embeddable":true,"href":"https:\/\/www.europesays.com\/ee\/wp-json\/wp\/v2\/media\/192203"}],"wp:attachment":[{"href":"https:\/\/www.europesays.com\/ee\/wp-json\/wp\/v2\/media?parent=192202"}],"wp:term":[{"taxonomy":"category","embeddable":true,"href":"https:\/\/www.europesays.com\/ee\/wp-json\/wp\/v2\/categories?post=192202"},{"taxonomy":"post_tag","embeddable":true,"href":"https:\/\/www.europesays.com\/ee\/wp-json\/wp\/v2\/tags?post=192202"}],"curies":[{"name":"wp","href":"https:\/\/api.w.org\/{rel}","templated":true}]}}