{"id":192242,"date":"2026-06-01T05:44:12","date_gmt":"2026-06-01T05:44:12","guid":{"rendered":"https:\/\/www.europesays.com\/ee\/192242\/"},"modified":"2026-06-01T05:44:12","modified_gmt":"2026-06-01T05:44:12","slug":"video-djokovici-alistanud-noor-brasiillane-saatis-french-openil-reketeid-pakkima-ka-uhe-suursoosiku-ruudi","status":"publish","type":"post","link":"https:\/\/www.europesays.com\/ee\/192242\/","title":{"rendered":"VIDEO | Djokovici alistanud noor brasiillane saatis French Openil reketeid pakkima ka \u00fche suursoosiku Ruudi"},"content":{"rendered":"<p>32 parema seas Serbia superstaari <a rel=\"noopener nofollow\" target=\"_blank\" href=\"https:\/\/www.delfi.ee\/teema\/56497894\/novak-djokovic\" tag-id=\"56497894\">Novak Djokovici<\/a> alistanud maailma 30. reket l\u00e4ks kaheksandikfinaalis vastamisi norralase <a rel=\"noopener nofollow\" target=\"_blank\" href=\"https:\/\/www.delfi.ee\/teema\/96845182\/casper-ruud\" tag-id=\"96845182\">Casper Ruudiga<\/a> (ATP 16.), keda peeti maailma esireketi Jannik Sinneri langemise j\u00e4rel turniiri \u00fcheks soosikuks.<\/p>\n<p>Fonseca v\u00f5itis Ruudi vastu avaseti 7:5. Teine l\u00e4ks kiiresse l\u00f5ppm\u00e4ngu, kus brasiillane j\u00e4i peale 10:8. Kolmanda kallutas kahekordne <a rel=\"noopener nofollow\" target=\"_blank\" href=\"https:\/\/www.delfi.ee\/teema\/56498432\/french-open\" tag-id=\"56498432\">French Openi<\/a> finalist Ruud enda kasuks 7:5. Neljandas setis murdis Fonseca kahel korral vastase servi ning v\u00f5itis viimase vaatuse 6:2. Kogu mat\u0161 kestis kokku kolm tundi ja 58 minutit.<\/p>\n<p>\u201eP\u00fc\u00fcdsin olla v\u00e4ljakul mina ise. P\u00fc\u00fcan olla \u00f5nnelik, teha h\u00e4id l\u00f6\u00f6ke ning pakkuda meelelahutust,\u201c s\u00f5nas karj\u00e4\u00e4ri parimat suure sl\u00e4mmi turniiri tegev Fonseca v\u00f5idu j\u00e4rel. \u201eSee on minu jaoks uus kogemus. Suurel sl\u00e4mmil teise n\u00e4dalasse j\u00f5udmine on alati raske. P\u00fc\u00fcame asja hingega teha ning v\u00f5tta \u00fcks punkt korraga.\u201c<\/p>\n<p>T\u00e4navusel Prantsusmaa lahtiste turniiril on ilma tegemas noored, kui kaheksa parema sekka on j\u00f5udnud ka 19-aastane hispaanlane Rafael Jodar (ATP 29.) ja 20-aastane t\u0161ehh Jakub Mensik (ATP 27.). Kogu kolmik on suurel sl\u00e4mmil esimest korda veerandfinaalis. <\/p>\n<p>Mensik ja Fonseca l\u00e4hevad veerandfinaalis omavahel vastamisi. T\u0161ehh sai neljandas ringis viiesetilises lahingus venelasest Andrei Rublevi (ATP 13.) jagu numbritega 6:3, 7:6 (6), 4:6, 2:6, 6:3.<\/p>\n<p>19-aastane Jodar alistas samuti viiesetilises m\u00e4ngus kaasmaalase Pablo Carreno-Busta (ATP 89.) 4:6, 4:6, 6:1, 6:2, 6:2. Hispaanlane hakkab koha eest poolfinaalis heitlema teise asetusega sakslase Alexander Zvereviga (ATP 3.).<\/p>\n<p>Esmasp\u00e4eval selguvad <a rel=\"noopener nofollow\" target=\"_blank\" href=\"https:\/\/www.delfi.ee\/teema\/24287865\/pariis\" tag-id=\"24287865\">Pariisis<\/a> neli \u00fclej\u00e4\u00e4nud veerandfinalisti. Omavahel kohtuvad itaallane Flavio Cobolli (ATP 14.) ja ameeriklane Zachary Svajda (ATP 85.), argentiinlane Juan Manuel Cerundolo (ATP 56.) ja itaallane Matteo Berrettini (ATP 105.), kanadalane Felix Auger-Aliassime (ATP 6.) ja t\u0161iillane Alejandro Tabilo (ATP 36.) ning ameeriklane Frances Tiafoe (ATP 22.) ja itaallane Matteo Arnaldi (ATP 104.).<\/p>\n<p>Kuidas see lugu Sind end tundma pani? Saada <a href=\"https:\/\/sport.delfi.ee\/artikkel\/120587635\/video-djokovici-alistanud-noor-brasiillane-saatis-french-openil-reketeid-pakkima-ka-uhe-suursoosiku-ruudi\/kommentaarid\" class=\"article-body-bottom__comment article-body-bottom__comment--write button button--primary button--size-auto\" rel=\"nofollow noopener\" target=\"_blank\"> Kommenteeri <\/a><a href=\"https:\/\/sport.delfi.ee\/artikkel\/120587635\/video-djokovici-alistanud-noor-brasiillane-saatis-french-openil-reketeid-pakkima-ka-uhe-suursoosiku-ruudi\/kommentaarid\" class=\"article-body-bottom__comment article-body-bottom__comment--read button button--size-auto\" rel=\"nofollow noopener\" target=\"_blank\"> Loe kommentaare <\/a><\/p>\n","protected":false},"excerpt":{"rendered":"32 parema seas Serbia superstaari Novak Djokovici alistanud maailma 30. reket l\u00e4ks kaheksandikfinaalis vastamisi norralase Casper Ruudiga (ATP&hellip;\n","protected":false},"author":2,"featured_media":192243,"comment_status":"","ping_status":"","sticky":false,"template":"","format":"standard","meta":{"footnotes":"","_share_on_mastodon":"0"},"categories":[18],"tags":[13138,37,33,35,34,36,80441,57461,2787,125,159,158,2827],"class_list":["post-192242","post","type-post","status-publish","format-standard","has-post-thumbnail","category-sport","tag-casper-ruud","tag-ee","tag-eesti","tag-eesti-keel","tag-estonia","tag-estonian","tag-french-open","tag-joao-fonseca","tag-novak-djokovic","tag-pariis","tag-sport","tag-sports","tag-tennis"],"share_on_mastodon":{"url":"https:\/\/pubeurope.com\/@ee\/116673266473959510","error":""},"_links":{"self":[{"href":"https:\/\/www.europesays.com\/ee\/wp-json\/wp\/v2\/posts\/192242","targetHints":{"allow":["GET"]}}],"collection":[{"href":"https:\/\/www.europesays.com\/ee\/wp-json\/wp\/v2\/posts"}],"about":[{"href":"https:\/\/www.europesays.com\/ee\/wp-json\/wp\/v2\/types\/post"}],"author":[{"embeddable":true,"href":"https:\/\/www.europesays.com\/ee\/wp-json\/wp\/v2\/users\/2"}],"replies":[{"embeddable":true,"href":"https:\/\/www.europesays.com\/ee\/wp-json\/wp\/v2\/comments?post=192242"}],"version-history":[{"count":0,"href":"https:\/\/www.europesays.com\/ee\/wp-json\/wp\/v2\/posts\/192242\/revisions"}],"wp:featuredmedia":[{"embeddable":true,"href":"https:\/\/www.europesays.com\/ee\/wp-json\/wp\/v2\/media\/192243"}],"wp:attachment":[{"href":"https:\/\/www.europesays.com\/ee\/wp-json\/wp\/v2\/media?parent=192242"}],"wp:term":[{"taxonomy":"category","embeddable":true,"href":"https:\/\/www.europesays.com\/ee\/wp-json\/wp\/v2\/categories?post=192242"},{"taxonomy":"post_tag","embeddable":true,"href":"https:\/\/www.europesays.com\/ee\/wp-json\/wp\/v2\/tags?post=192242"}],"curies":[{"name":"wp","href":"https:\/\/api.w.org\/{rel}","templated":true}]}}