{"id":192250,"date":"2026-06-01T05:54:08","date_gmt":"2026-06-01T05:54:08","guid":{"rendered":"https:\/\/www.europesays.com\/ee\/192250\/"},"modified":"2026-06-01T05:54:08","modified_gmt":"2026-06-01T05:54:08","slug":"bfm-i-puha-juri-preemia-palvis-produtsent-anna-aurelia-kangur-film","status":"publish","type":"post","link":"https:\/\/www.europesays.com\/ee\/192250\/","title":{"rendered":"BFM-i P\u00fcha J\u00fcri preemia p\u00e4lvis produtsent Anna Aurelia Kangur | Film"},"content":{"rendered":"<p>29. mail t\u00e4histati Tallinna \u00dclikooli Balti filmi, meedia ja kunstide instituudis P\u00fcha J\u00fcri p\u00e4eva, mis on p\u00fchendatud filmimehele ja -\u00f5ppej\u00f5ule J\u00fcri Sillartile. T\u00e4navuse P\u00fcha J\u00fcri preemia p\u00e4lvis produtsent Anna Aurelia Kangur.<\/p>\n<p>P\u00fcha J\u00fcri p\u00e4eval toimus Tallinna \u00dclikooli Maximumi saalis filmiteemaline konverents, mille eesm\u00e4rk oli juhtida t\u00e4helepanu filmi minevikule, olevikule ja tulevikule. Sel aastal lahkunud re\u017eiss\u00f6\u00f6ri ja \u00f5ppej\u00f5udu Peeter Simmi meenutasid n\u00e4itleja T\u00f5nu Kark, produtsent Marju Lepp ja ajakirjanik Olev Remsu. Lisaks arutleti konverentsil Eesti kino filmilevi, filmi turundamise ja rahastamise \u00fcle ning tutvustati uut platvormi Filmlink, mis aitab v\u00f5tteplatsil kommunikatsiooni parandada.<\/p>\n<p>\u00d5htul jagati v\u00e4lja P\u00fcha J\u00fcri ja P\u00fcha Ly preemiad, millega tunnustatakse silmapaistvaid filmitudengeid. P\u00fcha J\u00fcri preemia saaja juures hinnatakse tema erialast arengut ja v\u00f5imekust, meeskonnat\u00f6\u00f6 oskust, \u00f5ppeedukust, koolit\u00f6\u00f6s osalemist ja andekust.<\/p>\n<p>P\u00fcha J\u00fcri preemia p\u00e4lvis filmikunsti teisel kursusel \u00f5ppiv produtsent Anna Aurelia Kangur. Komisjoni s\u00f5nul on Kangur erakordne inimene ja professionaal, kes t\u00e4nu oma v\u00e4simatule korraldusv\u00f5imele ja s\u00fcdikusele leiab lahenduse k\u00f5igile muredele. Seejuures s\u00e4ilitab ta igas olukorras positiivse ellusuhtumise ja s\u00e4rava naeratuse.<\/p>\n<p>&#8220;See pole mulle veel p\u00e4riselt kohale j\u00f5udnud, aga ma olen meeletult t\u00e4nulik \u2013 ait\u00e4h!&#8221; t\u00e4nas Kangur oma \u00f5ppej\u00f5ude. Samuti t\u00e4nas laureaat oma kursusekaaslaseid ja vanemat filmikunsti kursust usalduse eest.<\/p>\n<p>Filmikunsti \u00f5ppekava spetsialisti ja tudengite suure toetaja Ly Pulga j\u00e4rgi nime saanud P\u00fcha Ly preemia p\u00e4lvis teisel kursusel \u00f5ppiv kunstnik Grete Liis Titma. Komisjon m\u00e4rkis, et Titma on olnud p\u00fchendunud abiline igas klassiruumis ja v\u00f5tteplatsil, panustades oma t\u00f6\u00f6kuse ja lahke s\u00fcdamega alati rohkem, kui temalt oodatakse. Titma t\u00e4nas k\u00f5iki, kes teda tunnustuse v\u00e4\u00e4riliseks pidasid.<\/p>\n","protected":false},"excerpt":{"rendered":"29. mail t\u00e4histati Tallinna \u00dclikooli Balti filmi, meedia ja kunstide instituudis P\u00fcha J\u00fcri p\u00e4eva, mis on p\u00fchendatud filmimehele&hellip;\n","protected":false},"author":2,"featured_media":192251,"comment_status":"","ping_status":"","sticky":false,"template":"","format":"standard","meta":{"footnotes":"","_share_on_mastodon":"0"},"categories":[16],"tags":[21301,11673,37,33,35,173,34,36,82197,140,82196,82198],"class_list":["post-192250","post","type-post","status-publish","format-standard","has-post-thumbnail","category-meelelahutus","tag-anna-aurelia-kangur","tag-bfm","tag-ee","tag-eesti","tag-eesti-keel","tag-entertainment","tag-estonia","tag-estonian","tag-grete-liis-titma","tag-meelelahutus","tag-puha-juri-preemia","tag-puha-ly-preemia"],"share_on_mastodon":{"url":"https:\/\/pubeurope.com\/@ee\/116673305930394946","error":""},"_links":{"self":[{"href":"https:\/\/www.europesays.com\/ee\/wp-json\/wp\/v2\/posts\/192250","targetHints":{"allow":["GET"]}}],"collection":[{"href":"https:\/\/www.europesays.com\/ee\/wp-json\/wp\/v2\/posts"}],"about":[{"href":"https:\/\/www.europesays.com\/ee\/wp-json\/wp\/v2\/types\/post"}],"author":[{"embeddable":true,"href":"https:\/\/www.europesays.com\/ee\/wp-json\/wp\/v2\/users\/2"}],"replies":[{"embeddable":true,"href":"https:\/\/www.europesays.com\/ee\/wp-json\/wp\/v2\/comments?post=192250"}],"version-history":[{"count":0,"href":"https:\/\/www.europesays.com\/ee\/wp-json\/wp\/v2\/posts\/192250\/revisions"}],"wp:featuredmedia":[{"embeddable":true,"href":"https:\/\/www.europesays.com\/ee\/wp-json\/wp\/v2\/media\/192251"}],"wp:attachment":[{"href":"https:\/\/www.europesays.com\/ee\/wp-json\/wp\/v2\/media?parent=192250"}],"wp:term":[{"taxonomy":"category","embeddable":true,"href":"https:\/\/www.europesays.com\/ee\/wp-json\/wp\/v2\/categories?post=192250"},{"taxonomy":"post_tag","embeddable":true,"href":"https:\/\/www.europesays.com\/ee\/wp-json\/wp\/v2\/tags?post=192250"}],"curies":[{"name":"wp","href":"https:\/\/api.w.org\/{rel}","templated":true}]}}