{"id":192338,"date":"2026-06-01T07:50:15","date_gmt":"2026-06-01T07:50:15","guid":{"rendered":"https:\/\/www.europesays.com\/ee\/192338\/"},"modified":"2026-06-01T07:50:15","modified_gmt":"2026-06-01T07:50:15","slug":"usa-teatas-et-rundas-iraani-radariobjekte-ning-kuveiti-rundasid-droonid-ja-raketid","status":"publish","type":"post","link":"https:\/\/www.europesays.com\/ee\/192338\/","title":{"rendered":"USA teatas, et r\u00fcndas Iraani radariobjekte ning Kuveiti r\u00fcndasid droonid ja raketid"},"content":{"rendered":"<p>Kuveidi r\u00fcndamise eest keegi esialgu vastutust ei v\u00f5tnud, aga t\u00f5en\u00e4oliselt on selle taga Iraan v\u00f5i Iraani toetatud relvar\u00fchmitused Iraagis, vahendab Associated Press.<\/p>\n<p>Iraani revolutsiooniline kaardiv\u00e4gi teatas riikliku uudisteagentuuri IRNA vanhendusel, et USA v\u00e4ed r\u00fcndasid Siriki saarel <a rel=\"noopener nofollow\" target=\"_blank\" href=\"https:\/\/www.delfi.ee\/teema\/96870700\/hormuzi-vain\" tag-id=\"96870700\">Hormuzi v\u00e4inas<\/a> asuvat telekommunikatsioonitorni. Revolutsiooniline kaardiv\u00e4gi teatas, et vastas oma r\u00fcnnakuga, aga ei t\u00e4psustanud kuhu. Ilmselt viidati Kuveidi r\u00fcndamisele.<\/p>\n<p>USA keskv\u00e4ejuhatus (<a rel=\"noopener nofollow\" target=\"_blank\" href=\"https:\/\/www.delfi.ee\/teema\/96943223\/centcom\" tag-id=\"96943223\">CENTCOM<\/a>) teatas, et r\u00fcnnakud Iraanis Gorukis ja Qeshmi saarel olid enesekaitse ja vastus Iraani agressiivsele tegevusele, sealhulgas USA drooni MQ-1 alla tulistamisele rahvusvaheliste vete kohal.<\/p>\n<p>Kuidas see lugu Sind end tundma pani? Saada <a href=\"https:\/\/www.delfi.ee\/artikkel\/120587634\/usa-teatas-et-rundas-iraani-radariobjekte-ning-kuveiti-rundasid-droonid-ja-raketid\/kommentaarid\" class=\"article-body-bottom__comment article-body-bottom__comment--write button button--primary button--size-auto\" rel=\"nofollow noopener\" target=\"_blank\"> Kommenteeri <\/a><a href=\"https:\/\/www.delfi.ee\/artikkel\/120587634\/usa-teatas-et-rundas-iraani-radariobjekte-ning-kuveiti-rundasid-droonid-ja-raketid\/kommentaarid\" class=\"article-body-bottom__comment article-body-bottom__comment--read button button--size-auto\" rel=\"nofollow noopener\" target=\"_blank\"> Loe kommentaare (21)<\/a><\/p>\n","protected":false},"excerpt":{"rendered":"Kuveidi r\u00fcndamise eest keegi esialgu vastutust ei v\u00f5tnud, aga t\u00f5en\u00e4oliselt on selle taga Iraan v\u00f5i Iraani toetatud relvar\u00fchmitused&hellip;\n","protected":false},"author":2,"featured_media":192339,"comment_status":"","ping_status":"","sticky":false,"template":"","format":"standard","meta":{"footnotes":"","_share_on_mastodon":"0"},"categories":[5],"tags":[26,27,47337,37,33,35,34,36,31,32,21,46527,4882,1925,17959,28,29,19,25,23,24,22,325,20,30],"class_list":["post-192338","post","type-post","status-publish","format-standard","has-post-thumbnail","category-uldised-uudised","tag-breaking-news","tag-breakingnews","tag-centcom","tag-ee","tag-eesti","tag-eesti-keel","tag-estonia","tag-estonian","tag-featured-news","tag-featurednews","tag-headlines","tag-hormuzi-vain","tag-iraak","tag-iraan","tag-kuveit","tag-latest-news","tag-latestnews","tag-news","tag-populaarseimad-lood","tag-top-stories","tag-topstories","tag-uldised-uudised","tag-usa","tag-uudised","tag-viimased-uudised"],"share_on_mastodon":{"url":"https:\/\/pubeurope.com\/@ee\/116673762043804744","error":""},"_links":{"self":[{"href":"https:\/\/www.europesays.com\/ee\/wp-json\/wp\/v2\/posts\/192338","targetHints":{"allow":["GET"]}}],"collection":[{"href":"https:\/\/www.europesays.com\/ee\/wp-json\/wp\/v2\/posts"}],"about":[{"href":"https:\/\/www.europesays.com\/ee\/wp-json\/wp\/v2\/types\/post"}],"author":[{"embeddable":true,"href":"https:\/\/www.europesays.com\/ee\/wp-json\/wp\/v2\/users\/2"}],"replies":[{"embeddable":true,"href":"https:\/\/www.europesays.com\/ee\/wp-json\/wp\/v2\/comments?post=192338"}],"version-history":[{"count":0,"href":"https:\/\/www.europesays.com\/ee\/wp-json\/wp\/v2\/posts\/192338\/revisions"}],"wp:featuredmedia":[{"embeddable":true,"href":"https:\/\/www.europesays.com\/ee\/wp-json\/wp\/v2\/media\/192339"}],"wp:attachment":[{"href":"https:\/\/www.europesays.com\/ee\/wp-json\/wp\/v2\/media?parent=192338"}],"wp:term":[{"taxonomy":"category","embeddable":true,"href":"https:\/\/www.europesays.com\/ee\/wp-json\/wp\/v2\/categories?post=192338"},{"taxonomy":"post_tag","embeddable":true,"href":"https:\/\/www.europesays.com\/ee\/wp-json\/wp\/v2\/tags?post=192338"}],"curies":[{"name":"wp","href":"https:\/\/api.w.org\/{rel}","templated":true}]}}