{"id":192372,"date":"2026-06-01T08:40:11","date_gmt":"2026-06-01T08:40:11","guid":{"rendered":"https:\/\/www.europesays.com\/ee\/192372\/"},"modified":"2026-06-01T08:40:11","modified_gmt":"2026-06-01T08:40:11","slug":"kristjan-ukskula-toob-koos-vhk-noorte-naitlejatega-lavale-molierei-luhikomoodiad-teater","status":"publish","type":"post","link":"https:\/\/www.europesays.com\/ee\/192372\/","title":{"rendered":"Kristjan \u00dcksk\u00fcla toob koos VHK noorte n\u00e4itlejatega lavale Moliere&#8217;i l\u00fchikom\u00f6\u00f6diad | Teater"},"content":{"rendered":"<p>Theatrumis esietendub 2. juunil Vanalinna Hariduskolleegiumi teatrikooli 28. lennu lavastus &#8220;Naeruv\u00e4\u00e4rsed eputised vastu tahtmist&#8221;<\/p>\n<p>Prantsuse n\u00e4itekirjaniku Moli\u00e8re&#8217;i kaks tempokat l\u00fchikom\u00f6\u00f6diat &#8220;Arst vastu tahtmist&#8221; ja &#8220;Naeruv\u00e4\u00e4rsed eputised&#8221; saavad \u00fcheks elava muusika ja tantsudega p\u00f5imitud lavastuseks. Keegi ei taha olla naeruv\u00e4\u00e4rne, aga ometi v\u00f5ime me k\u00f5ik sellesse l\u00f5ksu langeda. Kuidas tabada siis head maitset nii elus kui kunstis? Kuidas tajuda piire ja s\u00e4ilitada vabadust? Mida t\u00e4hendab &#8220;hea maitse&#8221;, kui maitse \u00fcle ei vaielda? Ja miks maitse \u00fcle ei vaielda, kui m\u00fcrk v\u00f5ib maitsta magus ja ravim maitsta kibe?<\/p>\n<p>Lavastaja Kristjan \u00dcksk\u00fcla s\u00f5nul on \u00fchine loomeprotsess noorte n\u00e4itlejatega toonud proovisaali nakatavat energiat: &#8220;R\u00f5\u00f5m on noorte inimestega koos avastada Moli\u00e8re&#8217;i m\u00e4ngulist ja julget stiili. Need kaks Moli\u00e8re&#8217;i proosas kirjutatud kom\u00f6\u00f6diat paistavad silma eriliselt \u00e4\u00e4rmustesse viidud tegelastega, kuna Moli\u00e8re on lavale toonud ahhetama paneva matsluse ja piinlikult \u00fclepaisutatud peenuse ning need kaks ei pruugigi teineteisest v\u00e4ga erineda. Lavastuses tantsivad, laulavad ja m\u00e4ngivad pilli s\u00e4rasilmsed noored inimesed, samal ajal kui \u00f5ues \u00f5itsevad \u00f5unapuud\u2026 ja need kaks ei pruugi samuti teineteisest v\u00e4ga erineda.&#8221;<\/p>\n<p>Osades VHK teatrikooli 28. lennu \u00f5pilased Taavi Johannes, Herman Korp, Eva Kreem, Oskar Varik Kuldkepp, Lisete Lainas, Mairo Libba, Hugo Malmsten, Hans Henrik Miikre, Birgit Moks, Kristian Mustonen, Romi Leen Niimann, Johannes Paist, Birk Parvelt, Mia Dolores Pavelson, Roosi R\u00fctman, Loore Tilk ja nende \u00f5petaja Kristjan \u00dcksk\u00fcla (Tallinna Linnateater) Muusikutena l\u00f6\u00f6vad kaasa VHK \u00f5pilased ja vilistlased: Kristiina J\u00f5eleht, Ingel Kaseste, Robert Otsing, Marta P\u00f5ld ja Sofia Simmul.<\/p>\n<p>Autor Moli\u00e8re, t\u00f5lkijad Tatjana Hallap ja Ott Ojamaa, lavastaja ja muusikaline kujundaja Kristjan \u00dcksk\u00fcla (Tallinna Linnateater), kunstnik Kristiina-Hortensia Port, liikumisjuhid Tiina M\u00f6lder ja Mari Ann Valkna, valguskujundaja Kris-Kervin M\u00f6lder (Tallinna Linnateater), produtsent Romi H\u00e4rginen (Viljandi Kultuuriakadeemia)<\/p>\n","protected":false},"excerpt":{"rendered":"Theatrumis esietendub 2. juunil Vanalinna Hariduskolleegiumi teatrikooli 28. lennu lavastus &#8220;Naeruv\u00e4\u00e4rsed eputised vastu tahtmist&#8221; Prantsuse n\u00e4itekirjaniku Moli\u00e8re&#8217;i kaks&hellip;\n","protected":false},"author":2,"featured_media":192373,"comment_status":"","ping_status":"","sticky":false,"template":"","format":"standard","meta":{"footnotes":"","_share_on_mastodon":"0"},"categories":[16],"tags":[37,33,35,173,34,36,79510,140,19828],"class_list":["post-192372","post","type-post","status-publish","format-standard","has-post-thumbnail","category-meelelahutus","tag-ee","tag-eesti","tag-eesti-keel","tag-entertainment","tag-estonia","tag-estonian","tag-kristjan-ukskula","tag-meelelahutus","tag-theatrum"],"share_on_mastodon":{"url":"https:\/\/pubeurope.com\/@ee\/116673958820724694","error":""},"_links":{"self":[{"href":"https:\/\/www.europesays.com\/ee\/wp-json\/wp\/v2\/posts\/192372","targetHints":{"allow":["GET"]}}],"collection":[{"href":"https:\/\/www.europesays.com\/ee\/wp-json\/wp\/v2\/posts"}],"about":[{"href":"https:\/\/www.europesays.com\/ee\/wp-json\/wp\/v2\/types\/post"}],"author":[{"embeddable":true,"href":"https:\/\/www.europesays.com\/ee\/wp-json\/wp\/v2\/users\/2"}],"replies":[{"embeddable":true,"href":"https:\/\/www.europesays.com\/ee\/wp-json\/wp\/v2\/comments?post=192372"}],"version-history":[{"count":0,"href":"https:\/\/www.europesays.com\/ee\/wp-json\/wp\/v2\/posts\/192372\/revisions"}],"wp:featuredmedia":[{"embeddable":true,"href":"https:\/\/www.europesays.com\/ee\/wp-json\/wp\/v2\/media\/192373"}],"wp:attachment":[{"href":"https:\/\/www.europesays.com\/ee\/wp-json\/wp\/v2\/media?parent=192372"}],"wp:term":[{"taxonomy":"category","embeddable":true,"href":"https:\/\/www.europesays.com\/ee\/wp-json\/wp\/v2\/categories?post=192372"},{"taxonomy":"post_tag","embeddable":true,"href":"https:\/\/www.europesays.com\/ee\/wp-json\/wp\/v2\/tags?post=192372"}],"curies":[{"name":"wp","href":"https:\/\/api.w.org\/{rel}","templated":true}]}}