{"id":192394,"date":"2026-06-01T09:02:07","date_gmt":"2026-06-01T09:02:07","guid":{"rendered":"https:\/\/www.europesays.com\/ee\/192394\/"},"modified":"2026-06-01T09:02:07","modified_gmt":"2026-06-01T09:02:07","slug":"eeva-magi-tihti-on-piir-loomingu-ja-manipulatsiooni-vahel-ohkorn-film","status":"publish","type":"post","link":"https:\/\/www.europesays.com\/ee\/192394\/","title":{"rendered":"Eeva M\u00e4gi: tihti on piir loomingu ja manipulatsiooni vahel \u00f5hk\u00f5rn | Film"},"content":{"rendered":"<p>Re\u017eiss\u00f6\u00f6r Eeva M\u00e4gi t\u00f6\u00f6tab hetkel uue lavastatud dokumentaalfilmiga &#8220;Mo Hunt&#8221;, mille jaoks ootab ta lugusid loomevaldkonna n\u00e4htamatust v\u00e4givallast. &#8220;Vikerhommikus&#8221; \u00fctles ta, et oluline k\u00fcsimus on, mis hinnaga saab kunsti luua ja kas see, et inimesel on valus, peab olema loomulik osa.<\/p>\n<p>Eeva M\u00e4gi selgitas, et m\u00f6\u00f6dunud suvel filmisid nad \u00fcles &#8220;Mo hundi&#8221; m\u00e4ngufilmiliku poole. &#8220;See r\u00e4\u00e4gib \u00fche teatrilavastaja ja baleriini omavahelisest suhtest, kus baleriin, kes on terve elu tundnud valu, sest tema keha on koheldud kui instrumenti, otsustab, et sellel valul v\u00f5iks \u00fcks kord olla ka m\u00f5te ning ta hakkab surrogaadiks \u00fchele kiriku\u00f5petajale, keskealine \u00fcksik kiriku\u00f5petaja, kes soovib saada oma last.&#8221;<\/p>\n<p>Lavastatud pool r\u00e4\u00e4gib M\u00e4gi s\u00f5nul samuti sellest, kuidas baleriin on l\u00e4bip\u00f5lenud selle t\u00f5ttu, et ta on valu tundnud ja mis temaga on juhtunud karj\u00e4\u00e4ri jooksul. &#8220;Lisaks siis teatrilavastaja, kes tema valu nende l\u00e4hisuhtes ka ekspluateerib ning kui kaugele on kaks loomeinimest valmis minema, et leida oma valule t\u00e4hendus, aga saada ka l\u00e4bi surrogaatluse raha.&#8221;<\/p>\n<p>&#8220;N\u00fc\u00fcd on plaanis filmida selle filmi dokumentaalne osa, kus me kogume erinevaid lugusid loomevaldkonna inimestelt, kuidas nemad on tajunud v\u00f5i kogenud sellist v\u00e4givalda loomingus, mis tihti on varjatud kas armastuse, hoolimise v\u00f5i loomeprotsessi taha, kus inimese valu hakatakse ekspluateerima v\u00f5i karj\u00e4\u00e4ri hakatakse manipuleerima teise looja poolt,&#8221; \u00fctles ta ja lisas, et nad ootavad k\u00f5igilt loomevaldkonna inimestelt, kes on seda kogenud, neid lugusid. &#8220;See v\u00f5ib olla muusika, etenduskunstid, tantsijad, koreograafid ja nii edasi.&#8221;<\/p>\n<p>Neid lugusid, mille peale dokumentaalset osa ehitada, on tema s\u00f5nul juba \u00fcpris palju. &#8220;Me tegime selle \u00fcleskutse selleks, et need ei j\u00e4\u00e4ks ainult kitsa tutvusringkonna keskseks, vaid et tuleks v\u00f5imalikult laiahaardeline, me ei taha keskenduda ainult \u00fchele sarnasele juhtumile, sest tihti on sellistel lugudel teatud muster, aga neid lugusid on v\u00e4ga palju erinevaid.&#8221;<\/p>\n<p>Tema s\u00f5nul on k\u00f5ige klassikalisem muster see, et on meessoost isik, kes on kas f\u00fc\u00fcsiliselt v\u00f5i vaimselt v\u00e4\u00e4rkohelnud naissoost isikut, kes on temaga tihti t\u00f6\u00f6suhtes. &#8220;See meessoost isik on siis kas juht v\u00f5i \u00fclemus ning naissoost isik on tema alluv, aga me ei keskendu ainult sellisele v\u00e4\u00e4rkohtlemisele, ootame teistsuguseid juhtumeid ka. &#8220;<\/p>\n<p>&#8220;Tahame sellest filmi teha, kuna tihti piir loomingu ja manipulatsiooni vahel on nii \u00f5hk\u00f5rn ja habras ning ohver ei pruugi sel hetkel isegi aru saada, et midagi on valesti, vaid sellest saadakse aastaid hiljem aru,&#8221; t\u00f5des M\u00e4gi ja lisas, et v\u00e4ga sageli on ka see, et sellistel juhtumitel ei pruugi olla selget ohvrit. &#8220;See inimene ei pruugi olla ohver, aga see viis, kuidas seda loomingut tehti, v\u00f5ib olla talle v\u00e4ga valus.&#8221;<\/p>\n<p>&#8220;K\u00fcsimus on, mis hinnaga saab kunsti luua ja kas see, et inimesel on valus, peab olema loomulik osa,&#8221; k\u00fcsis re\u017eiss\u00f6\u00f6r ja kinnitas, et oma vandeadvokaadi t\u00f6\u00f6s on ta puutunud kokku l\u00e4hisuhtev\u00e4givallaga. &#8220;Kahjuks paljud need juhtumid on j\u00e4\u00e4nud lahenduseta just selle n\u00f5usolekuseaduse puudumise t\u00f5ttu, v\u00e4ga paljud ohvrid on j\u00e4\u00e4nud oma juhtumiga \u00fcksi.&#8221;<\/p>\n<p>&#8220;Loomingu juures on mul kokkupuude sellega k\u00fcll, aga teistusugusel viisil, kui ma ise re\u017eiss\u00f6\u00f6rina loon ja m\u00f5tlen karaktereid v\u00e4lja, siis ma loon endale empaatiav\u00e4lja, kus ma \u00fcritan tajuda selle karakteri valu, et teda m\u00f5ista, saada aru tema traumast ja valust, ning kuidas seda siis selgitada n\u00e4itlejale,&#8221; selgitas ta.<\/p>\n<p>Eeva M\u00e4gi arvates ei ole sellest teemast Eestis peaaegu \u00fcldse r\u00e4\u00e4gitud. &#8220;L\u00e4hisuhtev\u00e4givallast on kindlasti r\u00e4\u00e4gitud, naistevastasest v\u00e4givallast peabki r\u00e4\u00e4kima, aga peab r\u00e4\u00e4kima ka k\u00f5iksugu teistest v\u00e4givalla vormidest.&#8221;<\/p>\n","protected":false},"excerpt":{"rendered":"Re\u017eiss\u00f6\u00f6r Eeva M\u00e4gi t\u00f6\u00f6tab hetkel uue lavastatud dokumentaalfilmiga &#8220;Mo Hunt&#8221;, mille jaoks ootab ta lugusid loomevaldkonna n\u00e4htamatust v\u00e4givallast.&hellip;\n","protected":false},"author":2,"featured_media":192395,"comment_status":"","ping_status":"","sticky":false,"template":"","format":"standard","meta":{"footnotes":"","_share_on_mastodon":"0"},"categories":[16],"tags":[37,33,35,173,34,36,140,69743,11297,2511],"class_list":["post-192394","post","type-post","status-publish","format-standard","has-post-thumbnail","category-meelelahutus","tag-ee","tag-eesti","tag-eesti-keel","tag-entertainment","tag-estonia","tag-estonian","tag-meelelahutus","tag-mo-hunt","tag-vikerhommik","tag-vikerraadio"],"share_on_mastodon":{"url":"https:\/\/pubeurope.com\/@ee\/116674045283980305","error":""},"_links":{"self":[{"href":"https:\/\/www.europesays.com\/ee\/wp-json\/wp\/v2\/posts\/192394","targetHints":{"allow":["GET"]}}],"collection":[{"href":"https:\/\/www.europesays.com\/ee\/wp-json\/wp\/v2\/posts"}],"about":[{"href":"https:\/\/www.europesays.com\/ee\/wp-json\/wp\/v2\/types\/post"}],"author":[{"embeddable":true,"href":"https:\/\/www.europesays.com\/ee\/wp-json\/wp\/v2\/users\/2"}],"replies":[{"embeddable":true,"href":"https:\/\/www.europesays.com\/ee\/wp-json\/wp\/v2\/comments?post=192394"}],"version-history":[{"count":0,"href":"https:\/\/www.europesays.com\/ee\/wp-json\/wp\/v2\/posts\/192394\/revisions"}],"wp:featuredmedia":[{"embeddable":true,"href":"https:\/\/www.europesays.com\/ee\/wp-json\/wp\/v2\/media\/192395"}],"wp:attachment":[{"href":"https:\/\/www.europesays.com\/ee\/wp-json\/wp\/v2\/media?parent=192394"}],"wp:term":[{"taxonomy":"category","embeddable":true,"href":"https:\/\/www.europesays.com\/ee\/wp-json\/wp\/v2\/categories?post=192394"},{"taxonomy":"post_tag","embeddable":true,"href":"https:\/\/www.europesays.com\/ee\/wp-json\/wp\/v2\/tags?post=192394"}],"curies":[{"name":"wp","href":"https:\/\/api.w.org\/{rel}","templated":true}]}}