{"id":192502,"date":"2026-06-01T10:43:09","date_gmt":"2026-06-01T10:43:09","guid":{"rendered":"https:\/\/www.europesays.com\/ee\/192502\/"},"modified":"2026-06-01T10:43:09","modified_gmt":"2026-06-01T10:43:09","slug":"elisa-kasutab-tugijaamade-akusid-elektrivorgu-tasakaalustamiseks-kuid-kas-see-on-kriisis-ohtlik","status":"publish","type":"post","link":"https:\/\/www.europesays.com\/ee\/192502\/","title":{"rendered":"Elisa kasutab tugijaamade akusid elektriv\u00f5rgu tasakaalustamiseks, kuid kas see on kriisis ohtlik?"},"content":{"rendered":"<p>Elisa andis hiljuti teada, et v\u00f5ttis oma mobiiliv\u00f5rgus kasutusele Gridle\u2019i lahenduse, mis v\u00f5imaldab tugijaamade akud v\u00f5tta Eesti elektris\u00fcsteemi tasakaalustamiseks kasutusse. Kas kriisiolukorras on Elisa uus s\u00fcsteem m\u00f5istlik? <\/p>\n<p><img decoding=\"async\" src=\"https:\/\/www.europesays.com\/ee\/wp-content\/uploads\/2026\/06\/cba384ee-1e93-455c-907c-a031672ca16c.jpg\" loading=\"lazy\" alt=\"Elisa v\u00f5tab tugijaamade varuakud kasutusse.\"\/><\/p>\n<p>Elisa v\u00f5tab tugijaamade varuakud kasutusse.<\/p>\n<p>FOTO: Shutterstock<\/p>\n<p>Tegemist on Elisa Industriqi tehisintellektil p\u00f5hineva optimeerimislahendusega, mis viib tugijaamade varuakud sisuliselt turule, m\u00fc\u00fces energiat, kui hind on kallis, ja salvestades energiat, kui hind on soodne. M\u00f5istagi annab see Elisale v\u00f5imaluse teenida valdavalt passiivselt istuva akuv\u00f5imekuse pealt tulu, kuid lisaks tasakaalustab see Eesti elektris\u00fcsteemi.<\/p>\n","protected":false},"excerpt":{"rendered":"Elisa andis hiljuti teada, et v\u00f5ttis oma mobiiliv\u00f5rgus kasutusele Gridle\u2019i lahenduse, mis v\u00f5imaldab tugijaamade akud v\u00f5tta Eesti elektris\u00fcsteemi&hellip;\n","protected":false},"author":2,"featured_media":192503,"comment_status":"","ping_status":"","sticky":false,"template":"","format":"standard","meta":{"footnotes":"","_share_on_mastodon":"0"},"categories":[14],"tags":[390,131,130,37,33,35,2717,34,36,82251,82248,82250,82249],"class_list":["post-192502","post","type-post","status-publish","format-standard","has-post-thumbnail","category-ari","tag-aku","tag-ari","tag-business","tag-ee","tag-eesti","tag-eesti-keel","tag-elisa","tag-estonia","tag-estonian","tag-gridle","tag-mobiilimast","tag-mobiilimastid","tag-tugijaamad"],"share_on_mastodon":{"url":"","error":""},"_links":{"self":[{"href":"https:\/\/www.europesays.com\/ee\/wp-json\/wp\/v2\/posts\/192502","targetHints":{"allow":["GET"]}}],"collection":[{"href":"https:\/\/www.europesays.com\/ee\/wp-json\/wp\/v2\/posts"}],"about":[{"href":"https:\/\/www.europesays.com\/ee\/wp-json\/wp\/v2\/types\/post"}],"author":[{"embeddable":true,"href":"https:\/\/www.europesays.com\/ee\/wp-json\/wp\/v2\/users\/2"}],"replies":[{"embeddable":true,"href":"https:\/\/www.europesays.com\/ee\/wp-json\/wp\/v2\/comments?post=192502"}],"version-history":[{"count":0,"href":"https:\/\/www.europesays.com\/ee\/wp-json\/wp\/v2\/posts\/192502\/revisions"}],"wp:featuredmedia":[{"embeddable":true,"href":"https:\/\/www.europesays.com\/ee\/wp-json\/wp\/v2\/media\/192503"}],"wp:attachment":[{"href":"https:\/\/www.europesays.com\/ee\/wp-json\/wp\/v2\/media?parent=192502"}],"wp:term":[{"taxonomy":"category","embeddable":true,"href":"https:\/\/www.europesays.com\/ee\/wp-json\/wp\/v2\/categories?post=192502"},{"taxonomy":"post_tag","embeddable":true,"href":"https:\/\/www.europesays.com\/ee\/wp-json\/wp\/v2\/tags?post=192502"}],"curies":[{"name":"wp","href":"https:\/\/api.w.org\/{rel}","templated":true}]}}