{"id":192512,"date":"2026-06-01T10:53:18","date_gmt":"2026-06-01T10:53:18","guid":{"rendered":"https:\/\/www.europesays.com\/ee\/192512\/"},"modified":"2026-06-01T10:53:18","modified_gmt":"2026-06-01T10:53:18","slug":"stefan-arand-teenis-veemoto-tahtsaimas-sarjas-voidu-veemoto","status":"publish","type":"post","link":"https:\/\/www.europesays.com\/ee\/192512\/","title":{"rendered":"Stefan Arand teenis veemoto t\u00e4htsaimas sarjas v\u00f5idu | Veemoto"},"content":{"rendered":"<p>Eesti veemotos\u00f5itja Stefan Arand v\u00f5itis F1H2O hooaja avaetapi Itaalias ja sai t\u00e4histada nii karj\u00e4\u00e4ri teist t\u00e4istabamust kuninglikus sarjas.<\/p>\n<p>V\u00f5istlus algas lendstardiga, mis t\u00e4hendab, et paadid l\u00e4bivad stardijoone juba suurel kiirusel ning v\u00f5idus\u00f5it algab koheselt t\u00e4isgaasil. Keerulised tingimused andsid endast m\u00e4rku juba esimeses kurvis, kus kahekordne maailmameister Sami Seli\u00f6 kaotas kontrolli oma paadi \u00fcle ja tegi avarii.<\/p>\n<p>Intsidendi j\u00e4rel lehvisid rajal kollased lipud, kuni p\u00e4\u00e4stemeeskonnad eemaldasid paadi ning tagasid taas ohutud tingimused v\u00f5idus\u00f5idu j\u00e4tkamiseks.<\/p>\n<p>M\u00f5ni ring hiljem toimus j\u00e4rgmine t\u00f5sine intsident. Stefan Arandi tiimikaaslane Rusty Wyatt keeras paadi \u00fcle katuse ning kokkup\u00f5rget ei suutnud v\u00e4ltida ka valitsev maailmameister Shaun Torrente, kes s\u00f5itis avariipaadile otsa. Taas j\u00e4tkus s\u00f5it kollaste lippude all seni, kuni olukord rajal turvaliseks muudeti ning piloodid said t\u00e4iskiirusel j\u00e4tkata.<\/p>\n<p>Eelmise hooaja viimase s\u00f5idu v\u00f5itnud Arand suutis haarata kohe liidripositsiooni. &#8220;Arand n\u00e4itas kogu s\u00f5idu v\u00e4ltel kindlat kiirust, head rajatunnetust ja k\u00fcpset otsustusv\u00f5imet, hoides konkurendid enda selja taga,&#8221; teatas Eesti Veemoto Liit.<\/p>\n<p>V\u00f5istluse jooksul toimus veel mitmeid avariisid ja katkestamisi. Kokku ei j\u00f5udnud fini\u0161isse koguni kaheksa pilooti, mis peegeldab h\u00e4sti p\u00e4eva erakordselt raskeid tingimusi. Kuigi s\u00f5it kulges mitmel korral kollaste lippude all, suutis Arand iga kord tempot kontrollida ja s\u00f5idu j\u00e4tkudes oma edu s\u00e4ilitada.<\/p>\n<p>L\u00f5puks l\u00f5petati v\u00f5istlus kollaste lippude tingimustes ja Arand kuulutati hooaja avaetapi v\u00f5itjaks. Veelgi m\u00e4rgilisemaks muudab saavutuse asjaolu, et tegemist oli eestlase karj\u00e4\u00e4ri esimese etapiv\u00f5iduga maailma prestii\u017eseimas ringrajapaatide sarjas.<\/p>\n<p>&#8220;Tulemus n\u00e4itab selgelt Arandi v\u00f5imekust s\u00f5ita k\u00f5ige keerulisemates tingimustes ning v\u00f5idelda maailma parimatega,&#8221; j\u00e4tkus Eesti Veemoto Liidu pressiteade.<\/p>\n<p>&#8220;M\u00f6\u00f6dunud hooajal t\u00f5usis eestlane esmakordselt poodiumile ning v\u00f5itles regulaarselt esik\u00fcmne ja esiviisiku kohtade eest. Hooaja alustamine v\u00f5iduga n\u00e4itab, et areng on olnud j\u00e4rjepidev ning tal on olemas nii kiirus, kogemus kui ka enesekindlus, et heidelda t\u00e4navu maailmameistritiitli nimel.&#8221;<\/p>\n<p>N\u00e4dalavahetus oli edukas ka teise Eesti veemotosportlase Erko Aabramsi jaoks, kes v\u00f5itis Poolas Zninis toimunud F500 sarja MM-etapi.<\/p>\n","protected":false},"excerpt":{"rendered":"Eesti veemotos\u00f5itja Stefan Arand v\u00f5itis F1H2O hooaja avaetapi Itaalias ja sai t\u00e4histada nii karj\u00e4\u00e4ri teist t\u00e4istabamust kuninglikus sarjas.&hellip;\n","protected":false},"author":2,"featured_media":192513,"comment_status":"","ping_status":"","sticky":false,"template":"","format":"standard","meta":{"footnotes":"","_share_on_mastodon":"0"},"categories":[18],"tags":[37,33,35,34,36,38857,159,158,2549],"class_list":["post-192512","post","type-post","status-publish","format-standard","has-post-thumbnail","category-sport","tag-ee","tag-eesti","tag-eesti-keel","tag-estonia","tag-estonian","tag-f1h2o","tag-sport","tag-sports","tag-stefan-arand"],"share_on_mastodon":{"url":"https:\/\/pubeurope.com\/@ee\/116674481780315714","error":""},"_links":{"self":[{"href":"https:\/\/www.europesays.com\/ee\/wp-json\/wp\/v2\/posts\/192512","targetHints":{"allow":["GET"]}}],"collection":[{"href":"https:\/\/www.europesays.com\/ee\/wp-json\/wp\/v2\/posts"}],"about":[{"href":"https:\/\/www.europesays.com\/ee\/wp-json\/wp\/v2\/types\/post"}],"author":[{"embeddable":true,"href":"https:\/\/www.europesays.com\/ee\/wp-json\/wp\/v2\/users\/2"}],"replies":[{"embeddable":true,"href":"https:\/\/www.europesays.com\/ee\/wp-json\/wp\/v2\/comments?post=192512"}],"version-history":[{"count":0,"href":"https:\/\/www.europesays.com\/ee\/wp-json\/wp\/v2\/posts\/192512\/revisions"}],"wp:featuredmedia":[{"embeddable":true,"href":"https:\/\/www.europesays.com\/ee\/wp-json\/wp\/v2\/media\/192513"}],"wp:attachment":[{"href":"https:\/\/www.europesays.com\/ee\/wp-json\/wp\/v2\/media?parent=192512"}],"wp:term":[{"taxonomy":"category","embeddable":true,"href":"https:\/\/www.europesays.com\/ee\/wp-json\/wp\/v2\/categories?post=192512"},{"taxonomy":"post_tag","embeddable":true,"href":"https:\/\/www.europesays.com\/ee\/wp-json\/wp\/v2\/tags?post=192512"}],"curies":[{"name":"wp","href":"https:\/\/api.w.org\/{rel}","templated":true}]}}