{"id":192545,"date":"2026-06-01T11:26:25","date_gmt":"2026-06-01T11:26:25","guid":{"rendered":"https:\/\/www.europesays.com\/ee\/192545\/"},"modified":"2026-06-01T11:26:25","modified_gmt":"2026-06-01T11:26:25","slug":"paskotsi-sai-tanu-penaltiseeriale-europileti-igonen-torjus-uks-uks-olukorra-soccernet-ee","status":"publish","type":"post","link":"https:\/\/www.europesays.com\/ee\/192545\/","title":{"rendered":"Paskot\u0161i sai t\u00e4nu penaltiseeriale europileti, Igonen t\u00f5rjus \u00fcks-\u00fcks olukorra &#8211; Soccernet.ee"},"content":{"rendered":"<p><img decoding=\"async\" src=\"https:\/\/www.europesays.com\/ee\/wp-content\/uploads\/2026\/06\/1766327391.jpg\" alt=\"Maksim Paskot\u0161i. Foto: Scanpix \/ Kurt Desplenter \/ Belga \/ AFP\"\/>&#13;\n<\/p>\n<p>Maksim Paskot\u0161i koduklubi Gent teenis t\u00e4nu 119. minuti viigiv\u00e4ravale ja edukale penaltiseeriale j\u00e4rgmiseks hooajaks p\u00e4\u00e4sme UEFA Konverentsiliiga teise eelringi.<br \/>&#13;\n<\/p>\n<p>Otsustavas m\u00e4ngus Belgia viimase eurokoha eest v\u00f5\u00f5rustas Gent (k\u00f5rgliiga \u00fclemise tabelipoole viies) Genki (teise tabelipoole parim). Normaalajal v\u00e4ravaid ei l\u00f6\u00f6dud.&#13;\n<\/p>\n<p>Lisaajal l\u00e4ks Robin Mirisola tabamusest juhtima Genk, aga 119. minutil viigistas Gent penaltist, mille realiseeris\u00a0Tibe De Vlieger. Gent oli edukas ka 1:1 viigile j\u00e4rgnenud penaltiseerias, kus t\u00e4psed olid k\u00f5ik viis kodumeeskonna l\u00f6\u00f6jat. Eksimuse tegi k\u00fclaliste viies l\u00f6\u00f6ja\u00a0August De Wannemacker.&#13;\n<\/p>\n<p>Paskot\u0161i ise k\u00e4is koduklubi eest v\u00e4ljakul viimati\u00a020. veebruaril ning on sestsaadik ravinud vigastust.\u00a0Nagu Eesti koondise kaitsja <a href=\"https:\/\/soccernet.ee\/artikkel\/paskotsi-hooaja-lopp-laks-belgia-arstide-valediagnoosi-nahka-nad-utlesid-et-murdu-pole-tegelikult-oli-kaks-tukki\" target=\"_blank\" rel=\"nofollow noopener\">aprillis Soccernet.ee-le r\u00e4\u00e4kis<\/a>, pandi talle esialgu koduklubis valediagnoos, ent kaks kuud hiljem sai Paskot\u0161i end siiski korralikult ravima hakata.\u00a0Gendis kiirelt p\u00f5himehena kanda kinnitanud Paskot\u0161i arvele j\u00e4i l\u00f5ppenud hooajal 22 m\u00e4nguga neli v\u00e4ravat, \u00fcks v\u00e4ravas\u00f6\u00f6t ja \u00fcks kollane kaart. Tema leping klubiga kehtib 2029. aastani.<\/p>\n<p>Matvei Igoneni koduklubi Degerfors tuli Rootsi k\u00f5rgliiga k\u00fcmnendas voorus Brommapojkarna vastu 0:2 kaotusseisust v\u00e4lja ja teenis 2:2 viigi.&#13;\n<\/p>\n<p>Brommapojkarna avas skoori juba teisel minutil. Degerforsi kaotusseis p\u00fcsis vaheajaks minimaalne t\u00e4nu sellele, et Igonen t\u00f5rjus 24. minutil \u00fcks-\u00fcks olukorra, kui temaga p\u00e4\u00e4ses silmitsi\u00a0Lukas Bj\u00f6rklund.&#13;\n<\/p>\n<p>Teise poolaja alguses t\u00f5rjus Eesti puurivaht l\u00e4hil\u00f6\u00f6gi, kuid sama r\u00fcnnaku j\u00e4tkuks l\u00f6\u00f6di talle kaugl\u00f6\u00f6k alla nurka &#8211; 0:2. Degerfors j\u00f5udis viigiseisuni 63. minutiks. Nagu k\u00f5igis varasemas \u00fcheksas voorus, tegi Igonen t\u00e4nagi kaasa maksimaalsed 90 minutit.&#13;\n<\/p>\n<p>Degerfors paikneb 16 meeskonna seas 12. positsioonil. T\u00e4nase kohtumise tipphetked:<\/p>\n<p>&#13;\n<\/p>\n<p>Katrin Kirpu tegi t\u00e4ism\u00e4ngu, kui tema koduklubi Zagrebi Agram l\u00f5petas Horvaatia naiste k\u00f5rgliigas hooaja 2:1 v\u00f5iduga meisternaiskonna Spliti Hajduki vastu. Juba varem oli selge, et Agram l\u00f5petab liigahooaja teise kohaga. Sel kolmap\u00e4eval oli Kirpu t\u00f6\u00f6andja tulnud Horvaatia karikav\u00f5itjaks ja Eesti r\u00fcndaja oli karikafinaalis skoorinud.&#13;\n<\/p>\n<p>Talvel Agramiga liitunud Kirpu k\u00f5mmutas liigahooaja teises faasis, kus esineliku v\u00f5istkonnad m\u00e4ngisid vaid omavahel, kokkuv\u00f5ttes 12 vooruga 10 v\u00e4ravat.<\/p>\n","protected":false},"excerpt":{"rendered":"&#13; Maksim Paskot\u0161i koduklubi Gent teenis t\u00e4nu 119. minuti viigiv\u00e4ravale ja edukale penaltiseeriale j\u00e4rgmiseks hooajaks p\u00e4\u00e4sme UEFA Konverentsiliiga&hellip;\n","protected":false},"author":2,"featured_media":192546,"comment_status":"","ping_status":"","sticky":false,"template":"","format":"standard","meta":{"footnotes":"","_share_on_mastodon":"0"},"categories":[18],"tags":[45641,5137,37,33,35,34,36,3091,5139,9308,9309,3094,82259,3096,159,158],"class_list":["post-192545","post","type-post","status-publish","format-standard","has-post-thumbnail","category-sport","tag-agram","tag-degerfors","tag-ee","tag-eesti","tag-eesti-keel","tag-estonia","tag-estonian","tag-gent","tag-igonen","tag-katrin-kirpu","tag-kirpu","tag-maksim-paskotsi","tag-matvei-iognen","tag-paskotsi","tag-sport","tag-sports"],"share_on_mastodon":{"url":"https:\/\/pubeurope.com\/@ee\/116674611579032489","error":""},"_links":{"self":[{"href":"https:\/\/www.europesays.com\/ee\/wp-json\/wp\/v2\/posts\/192545","targetHints":{"allow":["GET"]}}],"collection":[{"href":"https:\/\/www.europesays.com\/ee\/wp-json\/wp\/v2\/posts"}],"about":[{"href":"https:\/\/www.europesays.com\/ee\/wp-json\/wp\/v2\/types\/post"}],"author":[{"embeddable":true,"href":"https:\/\/www.europesays.com\/ee\/wp-json\/wp\/v2\/users\/2"}],"replies":[{"embeddable":true,"href":"https:\/\/www.europesays.com\/ee\/wp-json\/wp\/v2\/comments?post=192545"}],"version-history":[{"count":0,"href":"https:\/\/www.europesays.com\/ee\/wp-json\/wp\/v2\/posts\/192545\/revisions"}],"wp:featuredmedia":[{"embeddable":true,"href":"https:\/\/www.europesays.com\/ee\/wp-json\/wp\/v2\/media\/192546"}],"wp:attachment":[{"href":"https:\/\/www.europesays.com\/ee\/wp-json\/wp\/v2\/media?parent=192545"}],"wp:term":[{"taxonomy":"category","embeddable":true,"href":"https:\/\/www.europesays.com\/ee\/wp-json\/wp\/v2\/categories?post=192545"},{"taxonomy":"post_tag","embeddable":true,"href":"https:\/\/www.europesays.com\/ee\/wp-json\/wp\/v2\/tags?post=192545"}],"curies":[{"name":"wp","href":"https:\/\/api.w.org\/{rel}","templated":true}]}}