{"id":192618,"date":"2026-06-01T12:42:11","date_gmt":"2026-06-01T12:42:11","guid":{"rendered":"https:\/\/www.europesays.com\/ee\/192618\/"},"modified":"2026-06-01T12:42:11","modified_gmt":"2026-06-01T12:42:11","slug":"leedus-esinenud-lewis-capaldil-oli-kentsakas-kaebus-miks-seda-keegi-mulle-ei-oelnud","status":"publish","type":"post","link":"https:\/\/www.europesays.com\/ee\/192618\/","title":{"rendered":"Leedus esinenud Lewis Capaldil oli kentsakas kaebus: miks seda keegi mulle ei \u00f6elnud?"},"content":{"rendered":"<p>P\u00e4rast kontserti t\u00e4itus leedukeelne sotsiaalmeedia kontserdik\u00fclastajate muljetega. Loomulikult leidus ka neid, kes leidsid midagi kritiseerida, kuid paljud ei varjanud, et poetasid kontserdil m\u00f5ne pisara v\u00f5i soovisid lihtsalt tuua v\u00e4lja artisti talendi, tema siiruse ja lihtsuse. <\/p>\n<p>TikTokis levib aga video sellest, mis Kaln\u0173 pargis kontserdil k\u00e4inud rahvas naerma ajas. Selgus, et keegi ei teavitanud Capaldit, et tema esinemise n\u00e4dalavahetusel on toimumas ka roosa supi ehk peedisupi festival. Kogu Vilnius oli v\u00e4rvunud roosaks, kuid linna k\u00fclastanud superstaaril polnud \u00f5rna aimugi. <\/p>\n<p>\u201eKurat, miks keegi mulle ei \u00f6elnud, et siin toimub roosa supi festival? Kui ma oleksin teadnud, poleks ma musta v\u00e4rvi riideid selga pannud!\u201c noomis Capaldi laval olles nii oma tiimi kui ka f\u00e4nne. Oma sarkastilise huumori poolest tuntud laulja sai leedukatelt vastu suure naerupahvaku. <\/p>\n<p>Hiljem kostis tema huulilt teinegi isiklik \u00fclestunnistus: \u201eMa pole roosat suppi veel proovinud. Ma pole seda veel maitsnud. Ma tean, vabandust&#8230;\u201c. Niipea kui \u0161otlane oma \u00fclestunnistuse v\u00e4lja oli k\u00e4inud, v\u00e4ljendas publik pettumust. Seega pidi esineja andma oma f\u00e4nnisele vettpidava lubaduse. \u201eKui keegi saab mulle peedisuppi tuua, siis joon seda t\u00e4na \u00f5htul siinsamas laval,\u201c \u00fctles Capaldi.<\/p>\n<p>Kuigi \u0161oti laulja pole Eestis esinenud, oli tegemist juba teise kontserdiga Leedus. Esimest korda v\u00e4isas ta sealset pealinna neli aastat tagasi, mil ta astus \u00fcles Jaunas kaip Vilniuse festivali. <\/p>\n<p>Kuidas see lugu Sind end tundma pani? Saada <a href=\"https:\/\/kroonika.delfi.ee\/artikkel\/120587779\/leedus-esinenud-lewis-capaldil-oli-kentsakas-kaebus-miks-seda-keegi-mulle-ei-oelnud\/kommentaarid\" class=\"article-body-bottom__comment article-body-bottom__comment--write button button--primary button--size-auto\" rel=\"nofollow noopener\" target=\"_blank\"> Kommenteeri <\/a><a href=\"https:\/\/kroonika.delfi.ee\/artikkel\/120587779\/leedus-esinenud-lewis-capaldil-oli-kentsakas-kaebus-miks-seda-keegi-mulle-ei-oelnud\/kommentaarid\" class=\"article-body-bottom__comment article-body-bottom__comment--read button button--size-auto\" rel=\"nofollow noopener\" target=\"_blank\"> Loe kommentaare (1)<\/a><\/p>\n","protected":false},"excerpt":{"rendered":"P\u00e4rast kontserti t\u00e4itus leedukeelne sotsiaalmeedia kontserdik\u00fclastajate muljetega. Loomulikult leidus ka neid, kes leidsid midagi kritiseerida, kuid paljud ei&hellip;\n","protected":false},"author":2,"featured_media":192619,"comment_status":"","ping_status":"","sticky":false,"template":"","format":"standard","meta":{"footnotes":"","_share_on_mastodon":"0"},"categories":[16],"tags":[37,33,35,173,34,36,6959,140,7911],"class_list":["post-192618","post","type-post","status-publish","format-standard","has-post-thumbnail","category-meelelahutus","tag-ee","tag-eesti","tag-eesti-keel","tag-entertainment","tag-estonia","tag-estonian","tag-lewis-capaldi","tag-meelelahutus","tag-vilnius"],"share_on_mastodon":{"url":"https:\/\/pubeurope.com\/@ee\/116674910370934376","error":""},"_links":{"self":[{"href":"https:\/\/www.europesays.com\/ee\/wp-json\/wp\/v2\/posts\/192618","targetHints":{"allow":["GET"]}}],"collection":[{"href":"https:\/\/www.europesays.com\/ee\/wp-json\/wp\/v2\/posts"}],"about":[{"href":"https:\/\/www.europesays.com\/ee\/wp-json\/wp\/v2\/types\/post"}],"author":[{"embeddable":true,"href":"https:\/\/www.europesays.com\/ee\/wp-json\/wp\/v2\/users\/2"}],"replies":[{"embeddable":true,"href":"https:\/\/www.europesays.com\/ee\/wp-json\/wp\/v2\/comments?post=192618"}],"version-history":[{"count":0,"href":"https:\/\/www.europesays.com\/ee\/wp-json\/wp\/v2\/posts\/192618\/revisions"}],"wp:featuredmedia":[{"embeddable":true,"href":"https:\/\/www.europesays.com\/ee\/wp-json\/wp\/v2\/media\/192619"}],"wp:attachment":[{"href":"https:\/\/www.europesays.com\/ee\/wp-json\/wp\/v2\/media?parent=192618"}],"wp:term":[{"taxonomy":"category","embeddable":true,"href":"https:\/\/www.europesays.com\/ee\/wp-json\/wp\/v2\/categories?post=192618"},{"taxonomy":"post_tag","embeddable":true,"href":"https:\/\/www.europesays.com\/ee\/wp-json\/wp\/v2\/tags?post=192618"}],"curies":[{"name":"wp","href":"https:\/\/api.w.org\/{rel}","templated":true}]}}