{"id":192664,"date":"2026-06-01T13:28:16","date_gmt":"2026-06-01T13:28:16","guid":{"rendered":"https:\/\/www.europesays.com\/ee\/192664\/"},"modified":"2026-06-01T13:28:16","modified_gmt":"2026-06-01T13:28:16","slug":"aktsionarid-kiitsid-ekspress-grupi-tallinna-borsilt-lahkumise-heaks-majandus","status":"publish","type":"post","link":"https:\/\/www.europesays.com\/ee\/192664\/","title":{"rendered":"Aktsion\u00e4rid kiitsid Ekspress Grupi Tallinna b\u00f6rsilt lahkumise heaks | Majandus"},"content":{"rendered":"<p>Ekspress Grupi aktsion\u00e4ride korraline \u00fcldkoosolek otsustas l\u00f5petada grupi aktsiatega kauplemise Tallinna b\u00f6rsil.<\/p>\n<p>1. juunil toimunud \u00fcldkoosolekul otsustasid Ekspress Grupi aktsion\u00e4rid, et esitavad Tallinna B\u00f6rsi noteerimis- ja j\u00e4relevalvekomisjonile taotluse l\u00f5petada grupi aktsiatega kauplemine Nasdaq Tallinna B\u00f6rsi Balti p\u00f5hinimekirjas.<\/p>\n<p>Lisaks kiitsid aktsion\u00e4rid heaks v\u00e4hemusaktsion\u00e4ridele kuuluvate aktsiate \u00fclev\u00f5tmise ja neile h\u00fcvitisena iga \u00fclev\u00f5etud aktsia kohta 1,26 euro maksmise.<\/p>\n<p>Aktsion\u00e4rid kinnitasid ka Ekspress Grupi 2025. majandusaasta aruande ja kasumi jaotamise ettepaneku. M\u00f6\u00f6dunud aastal oli grupi k\u00e4ive 80,2 miljonit eurot ja see kasvas viie protsendi v\u00f5rra. Puhaskasum oli miljon eurot ja seda oli 68 protsenti v\u00e4hem kui aasta eest.<\/p>\n<p>Plaani Ekspress Grupp b\u00f6rsilt \u00e4ra viia tegi grupi suuraktsion\u00e4r HHL R\u00fchm teatavaks mullu novembris.<\/p>\n<p>Lisaks veebimeediale ning ajalehtede, ajakirjade ja raamatute kirjastamisele haldab Ekspress Grupp ka elektroonilist piletim\u00fc\u00fcgiplatvormi ja piletim\u00fc\u00fcgikohtasid, pakub digitaalsete v\u00e4liekraanide teenust Eestis ja L\u00e4tis ning grupi ettev\u00f5tted korraldavad ka konverentse, koolitusi ja \u00fcritusi peamiselt Eestis ja Leedus, aga ka L\u00e4tis.<\/p>\n","protected":false},"excerpt":{"rendered":"Ekspress Grupi aktsion\u00e4ride korraline \u00fcldkoosolek otsustas l\u00f5petada grupi aktsiatega kauplemise Tallinna b\u00f6rsil. 1. juunil toimunud \u00fcldkoosolekul otsustasid Ekspress&hellip;\n","protected":false},"author":2,"featured_media":192665,"comment_status":"","ping_status":"","sticky":false,"template":"","format":"standard","meta":{"footnotes":"","_share_on_mastodon":"0"},"categories":[14],"tags":[131,130,37,33,35,5674,34,36,7519],"class_list":["post-192664","post","type-post","status-publish","format-standard","has-post-thumbnail","category-ari","tag-ari","tag-business","tag-ee","tag-eesti","tag-eesti-keel","tag-ekspress-grupp","tag-estonia","tag-estonian","tag-tallinna-bors"],"share_on_mastodon":{"url":"https:\/\/pubeurope.com\/@ee\/116675091241169927","error":""},"_links":{"self":[{"href":"https:\/\/www.europesays.com\/ee\/wp-json\/wp\/v2\/posts\/192664","targetHints":{"allow":["GET"]}}],"collection":[{"href":"https:\/\/www.europesays.com\/ee\/wp-json\/wp\/v2\/posts"}],"about":[{"href":"https:\/\/www.europesays.com\/ee\/wp-json\/wp\/v2\/types\/post"}],"author":[{"embeddable":true,"href":"https:\/\/www.europesays.com\/ee\/wp-json\/wp\/v2\/users\/2"}],"replies":[{"embeddable":true,"href":"https:\/\/www.europesays.com\/ee\/wp-json\/wp\/v2\/comments?post=192664"}],"version-history":[{"count":0,"href":"https:\/\/www.europesays.com\/ee\/wp-json\/wp\/v2\/posts\/192664\/revisions"}],"wp:featuredmedia":[{"embeddable":true,"href":"https:\/\/www.europesays.com\/ee\/wp-json\/wp\/v2\/media\/192665"}],"wp:attachment":[{"href":"https:\/\/www.europesays.com\/ee\/wp-json\/wp\/v2\/media?parent=192664"}],"wp:term":[{"taxonomy":"category","embeddable":true,"href":"https:\/\/www.europesays.com\/ee\/wp-json\/wp\/v2\/categories?post=192664"},{"taxonomy":"post_tag","embeddable":true,"href":"https:\/\/www.europesays.com\/ee\/wp-json\/wp\/v2\/tags?post=192664"}],"curies":[{"name":"wp","href":"https:\/\/api.w.org\/{rel}","templated":true}]}}