{"id":192714,"date":"2026-06-01T14:15:14","date_gmt":"2026-06-01T14:15:14","guid":{"rendered":"https:\/\/www.europesays.com\/ee\/192714\/"},"modified":"2026-06-01T14:15:14","modified_gmt":"2026-06-01T14:15:14","slug":"staaride-kukkumise-paraad-french-openil-vottis-ajaloolised-mootmed","status":"publish","type":"post","link":"https:\/\/www.europesays.com\/ee\/192714\/","title":{"rendered":"Staaride kukkumise paraad French Openil v\u00f5ttis ajaloolised m\u00f5\u00f5tmed"},"content":{"rendered":"<p>Esimest korda tennise avatud ajastul (algas 1968. aastal) pole suure sl\u00e4mmi turniiri kaheksandikfinaalis (neljandas ringis) \u00fchtegi juba suurturniiri tiitliga p\u00e4rjatud meest. <\/p>\n<p>Mis juhtus teises ringis kolmanda seti 5:1 seisult <a rel=\"noopener nofollow\" target=\"_blank\" href=\"https:\/\/www.delfi.ee\/teema\/93032243\/jannik-sinner\" tag-id=\"93032243\">Jannik Sinneriga<\/a>, kellele <a rel=\"noopener nofollow\" target=\"_blank\" href=\"https:\/\/www.delfi.ee\/teema\/96332595\/carlos-alcaraz\" tag-id=\"96332595\">Carlos Alcarazi<\/a> vigastuspausi t\u00f5ttu karj\u00e4\u00e4ri viies sl\u00e4mmitiitel sisuliselt juba kappi valmis pandi? <\/p>\n<p>Kuidas hinnata 24-kordse sl\u00e4mmiv\u00f5itja <a rel=\"noopener nofollow\" target=\"_blank\" href=\"https:\/\/www.delfi.ee\/teema\/56497894\/novak-djokovic\" tag-id=\"56497894\">Novak Djokovici<\/a> j\u00f5udmist kolmandasse ringi? Kes allesj\u00e4\u00e4nutest t\u00f5stab pea kohale oma esimese sl\u00e4mmitiitli? Ega ometi l\u00f5puks Alexander Zverev? V\u00f5i m\u00f5ni noor &#8211; Joao Fonseca (19), Jakub Mensik (20) v\u00f5i Rafael Jodar (19)?<\/p>\n<p>R\u00e4\u00e4gime ka John McEnroe murest meestennisistide tervise p\u00e4rast ja tennise\u00e4ssade boikotist, mida ei tulnud (p\u00f5hjuseks auhinnarahade jaotus &#8211; kui palju j\u00e4\u00e4b turniiri korraldajate vs kui palju m\u00e4ngijate tasku).<\/p>\n<p>Naistest on kohvrid pakkinud neljakordne <a rel=\"noopener nofollow\" target=\"_blank\" href=\"https:\/\/www.delfi.ee\/teema\/56498432\/french-open\" tag-id=\"56498432\">French Openi<\/a> v\u00f5itja Iga Swiatek, samuti tiitlikaitsja Coco Gauff. Veerandfinaalis kohtuvad omavahel ukrainlannad Elina Svitolina ja Marta Kostjuk. Kas tiitel on juba <a rel=\"noopener nofollow\" target=\"_blank\" href=\"https:\/\/www.delfi.ee\/teema\/83842853\/arina-sabalenka\" tag-id=\"83842853\">Arina Sabalenka<\/a> kapis v\u00f5i on ka teistel v\u00f5imalus? N\u00e4iteks temaga t\u00e4na \u00f5htul kohtuval Naomi Osakal?<\/p>\n<p>Neil k\u00fcsimustel arutlevad saates Gunnar Leheste, Riho Kallus, Toomas Kuum ja Alo Ojassalu.<\/p>\n<p>Tagasiside, k\u00fcsimused, ettepanekud ja teemavihjed on oodatud aadressile tennis@delfi.ee.<\/p>\n<p>Kuidas see lugu Sind end tundma pani? Saada <a href=\"https:\/\/sport.delfi.ee\/artikkel\/120587823\/staaride-kukkumise-paraad-french-openil-vottis-ajaloolised-mootmed\/kommentaarid\" class=\"article-body-bottom__comment article-body-bottom__comment--write button button--primary button--size-auto\" rel=\"nofollow noopener\" target=\"_blank\"> Kommenteeri <\/a><a href=\"https:\/\/sport.delfi.ee\/artikkel\/120587823\/staaride-kukkumise-paraad-french-openil-vottis-ajaloolised-mootmed\/kommentaarid\" class=\"article-body-bottom__comment article-body-bottom__comment--read button button--size-auto\" rel=\"nofollow noopener\" target=\"_blank\"> Loe kommentaare <\/a><\/p>\n","protected":false},"excerpt":{"rendered":"Esimest korda tennise avatud ajastul (algas 1968. aastal) pole suure sl\u00e4mmi turniiri kaheksandikfinaalis (neljandas ringis) \u00fchtegi juba suurturniiri&hellip;\n","protected":false},"author":2,"featured_media":192715,"comment_status":"","ping_status":"","sticky":false,"template":"","format":"standard","meta":{"footnotes":"","_share_on_mastodon":"0"},"categories":[5],"tags":[10265,26,27,3863,37,33,35,34,36,31,32,80441,21,6291,28,29,19,2787,25,23,24,22,20,30],"class_list":["post-192714","post","type-post","status-publish","format-standard","has-post-thumbnail","category-uldised-uudised","tag-arina-sabalenka","tag-breaking-news","tag-breakingnews","tag-carlos-alcaraz","tag-ee","tag-eesti","tag-eesti-keel","tag-estonia","tag-estonian","tag-featured-news","tag-featurednews","tag-french-open","tag-headlines","tag-jannik-sinner","tag-latest-news","tag-latestnews","tag-news","tag-novak-djokovic","tag-populaarseimad-lood","tag-top-stories","tag-topstories","tag-uldised-uudised","tag-uudised","tag-viimased-uudised"],"share_on_mastodon":{"url":"https:\/\/pubeurope.com\/@ee\/116675275822788258","error":""},"_links":{"self":[{"href":"https:\/\/www.europesays.com\/ee\/wp-json\/wp\/v2\/posts\/192714","targetHints":{"allow":["GET"]}}],"collection":[{"href":"https:\/\/www.europesays.com\/ee\/wp-json\/wp\/v2\/posts"}],"about":[{"href":"https:\/\/www.europesays.com\/ee\/wp-json\/wp\/v2\/types\/post"}],"author":[{"embeddable":true,"href":"https:\/\/www.europesays.com\/ee\/wp-json\/wp\/v2\/users\/2"}],"replies":[{"embeddable":true,"href":"https:\/\/www.europesays.com\/ee\/wp-json\/wp\/v2\/comments?post=192714"}],"version-history":[{"count":0,"href":"https:\/\/www.europesays.com\/ee\/wp-json\/wp\/v2\/posts\/192714\/revisions"}],"wp:featuredmedia":[{"embeddable":true,"href":"https:\/\/www.europesays.com\/ee\/wp-json\/wp\/v2\/media\/192715"}],"wp:attachment":[{"href":"https:\/\/www.europesays.com\/ee\/wp-json\/wp\/v2\/media?parent=192714"}],"wp:term":[{"taxonomy":"category","embeddable":true,"href":"https:\/\/www.europesays.com\/ee\/wp-json\/wp\/v2\/categories?post=192714"},{"taxonomy":"post_tag","embeddable":true,"href":"https:\/\/www.europesays.com\/ee\/wp-json\/wp\/v2\/tags?post=192714"}],"curies":[{"name":"wp","href":"https:\/\/api.w.org\/{rel}","templated":true}]}}