{"id":192722,"date":"2026-06-01T14:25:14","date_gmt":"2026-06-01T14:25:14","guid":{"rendered":"https:\/\/www.europesays.com\/ee\/192722\/"},"modified":"2026-06-01T14:25:14","modified_gmt":"2026-06-01T14:25:14","slug":"fotod-tallinna-bors-tahistas-30-sunnipaeva-alar-karis-kutsun-koiki-ules-investeerima","status":"publish","type":"post","link":"https:\/\/www.europesays.com\/ee\/192722\/","title":{"rendered":"FOTOD | Tallinna b\u00f6rs t\u00e4histas 30. s\u00fcnnip\u00e4eva. Alar Karis: kutsun k\u00f5iki \u00fcles investeerima"},"content":{"rendered":"<p>\u201eEks ma selleks siin olengi, et kutsuda k\u00f5iki \u00fcles investeerima. Nagu ka mu n\u00f5unik \u00fctles ja arvud n\u00e4itavad, siis majandus on t\u00f5usuteel. Tuleb siis loota, et see ka j\u00e4tkub. Kes ikka meie majandust edasi arendab, kui mitte meie inimesed ja meie ise. Ma soovin, et kui see kellahelin on n\u00fc\u00fcd \u00e4ra toimunud, siis k\u00f5ik tormavad ja p\u00fc\u00fcavad investeerida siia b\u00f6rsile,\u201c s\u00f5nas Karis.<\/p>\n<p>B\u00f6rsijuht Kaarel Ots lisas, et elu on ikka edasi viinud julged, ambitsioonikad ja ettev\u00f5tlikud inimesed, kellel on olnud ideid, kuidas asju teha teistmoodi ning on valmis selle nimel riski v\u00f5tma. \u201eKui need ideed saavad kokku kapitaliga, siis v\u00e4ga tihti, aga mitte muidugi alati, on tulemuseks kasv ja innovatsioon ja areng. B\u00f6rsid on ideid ja kapitali aidanud kokku viia juba \u00fcle 400 aasta.\u201c Nimelt loodi esimene b\u00f6rs 1602. aastal Amsterdamis.<\/p>\n<p>Oled juba tellija?Logi sisse<\/p>\n<p><a href=\"https:\/\/arileht.delfi.ee\/a\/120587737\/fotod-tallinna-bors-tahistas-30-sunnipaeva-alar-karis-kutsun-koiki-ules-investeerima\/kommentaarid\" class=\"article-body-bottom__comment article-body-bottom__comment--write button button--primary button--size-auto\" rel=\"nofollow noopener\" target=\"_blank\"> Kommenteeri <\/a><a href=\"https:\/\/arileht.delfi.ee\/a\/120587737\/fotod-tallinna-bors-tahistas-30-sunnipaeva-alar-karis-kutsun-koiki-ules-investeerima\/kommentaarid\" class=\"article-body-bottom__comment article-body-bottom__comment--read button button--size-auto\" rel=\"nofollow noopener\" target=\"_blank\"> Loe kommentaare (22)<\/a><\/p>\n","protected":false},"excerpt":{"rendered":"\u201eEks ma selleks siin olengi, et kutsuda k\u00f5iki \u00fcles investeerima. Nagu ka mu n\u00f5unik \u00fctles ja arvud n\u00e4itavad,&hellip;\n","protected":false},"author":2,"featured_media":192723,"comment_status":"","ping_status":"","sticky":false,"template":"","format":"standard","meta":{"footnotes":"","_share_on_mastodon":"0"},"categories":[12],"tags":[15685,1687,26,27,37,33,35,34,36,31,32,21,780,19921,28,29,19,25,2130,7519,23,24,22,20,30,18624],"class_list":["post-192722","post","type-post","status-publish","format-standard","has-post-thumbnail","category-eesti","tag-aktsiaturg","tag-alar-karis","tag-breaking-news","tag-breakingnews","tag-ee","tag-eesti","tag-eesti-keel","tag-estonia","tag-estonian","tag-featured-news","tag-featurednews","tag-headlines","tag-investeerimine","tag-ipo","tag-latest-news","tag-latestnews","tag-news","tag-populaarseimad-lood","tag-tallinn","tag-tallinna-bors","tag-top-stories","tag-topstories","tag-uldised-uudised","tag-uudised","tag-viimased-uudised","tag-wise"],"share_on_mastodon":{"url":"https:\/\/pubeurope.com\/@ee\/116675315436686348","error":""},"_links":{"self":[{"href":"https:\/\/www.europesays.com\/ee\/wp-json\/wp\/v2\/posts\/192722","targetHints":{"allow":["GET"]}}],"collection":[{"href":"https:\/\/www.europesays.com\/ee\/wp-json\/wp\/v2\/posts"}],"about":[{"href":"https:\/\/www.europesays.com\/ee\/wp-json\/wp\/v2\/types\/post"}],"author":[{"embeddable":true,"href":"https:\/\/www.europesays.com\/ee\/wp-json\/wp\/v2\/users\/2"}],"replies":[{"embeddable":true,"href":"https:\/\/www.europesays.com\/ee\/wp-json\/wp\/v2\/comments?post=192722"}],"version-history":[{"count":0,"href":"https:\/\/www.europesays.com\/ee\/wp-json\/wp\/v2\/posts\/192722\/revisions"}],"wp:featuredmedia":[{"embeddable":true,"href":"https:\/\/www.europesays.com\/ee\/wp-json\/wp\/v2\/media\/192723"}],"wp:attachment":[{"href":"https:\/\/www.europesays.com\/ee\/wp-json\/wp\/v2\/media?parent=192722"}],"wp:term":[{"taxonomy":"category","embeddable":true,"href":"https:\/\/www.europesays.com\/ee\/wp-json\/wp\/v2\/categories?post=192722"},{"taxonomy":"post_tag","embeddable":true,"href":"https:\/\/www.europesays.com\/ee\/wp-json\/wp\/v2\/tags?post=192722"}],"curies":[{"name":"wp","href":"https:\/\/api.w.org\/{rel}","templated":true}]}}