{"id":192846,"date":"2026-06-01T16:58:14","date_gmt":"2026-06-01T16:58:14","guid":{"rendered":"https:\/\/www.europesays.com\/ee\/192846\/"},"modified":"2026-06-01T16:58:14","modified_gmt":"2026-06-01T16:58:14","slug":"wsj-california-eelvalimised-valmistavad-demokraatlikule-parteile-peavalu-valismaa","status":"publish","type":"post","link":"https:\/\/www.europesays.com\/ee\/192846\/","title":{"rendered":"WSJ: California eelvalimised valmistavad demokraatlikule parteile peavalu | V\u00e4lismaa"},"content":{"rendered":"<p>California osariik saab t\u00e4navu uue kuberneri ning USA rikkaima piirkonna juhi kohale k\u00e4ib tihe rebimine. Ajaleht The Wall Street Journal kirjutab, et eelvalimisi on saatnud skandaalid ning demokraatidel ei ole esile kerkinud \u00fcht tugevat ja selget kandidaati.<\/p>\n<p>Pikka aega oli v\u00f5istlustules mitu tuntud demokraadist kandidaati. Vahepeal favoriidiks peetud Eric Swalwell langes aga konkurentsist p\u00e4rast seksuaalse v\u00e4\u00e4rk\u00e4itumise s\u00fc\u00fcdistusi v\u00e4lja ning endine kongressisaadik Katie Porter kaotas toetust p\u00e4rast lekkinud salvestust, kus oli kuulda, kuidas ta oma n\u00f5unikku s\u00f5imab.<\/p>\n<p>Praeguseks on eelvalimisv\u00f5itlus koondunud kolme peamise kandidaadi \u00fcmber. Need on Xavier Becerra (demokraat), Tom Steyer (demokraat) ja Steve Hilton (vabariiklane). Novembris toimuvatel valimistel osalevad kaks kandidaati, kes koguvad eelvalimistel k\u00f5ige rohkem h\u00e4\u00e4li, vahendas <a href=\"https:\/\/www.wsj.com\/politics\/elections\/how-californias-fight-for-governor-became-a-hot-mess-for-democrats-e9b8b37a?mod=politics_lead_pos1\" target=\"_blank\" rel=\"noopener nofollow\">The Wall Street Journal<\/a>.<\/p>\n<p>Viimased k\u00fcsitlused n\u00e4itavad, et k\u00f5ige t\u00f5en\u00e4olisemalt p\u00e4\u00e4sevad novembri l\u00f5ppvooru Becerra ja Hilton.<\/p>\n<p>Kuna demokraatidel ei kujunenud v\u00e4lja \u00fchtset kandidaati, kardeti m\u00f5nda aega, et nad v\u00f5ivad novembris toimuvast l\u00f5ppvoorust v\u00e4lja j\u00e4\u00e4da ning edasi p\u00e4\u00e4seksid kaks vabariiklast. Donald Trump asus aga endise Fox Newsi saatejuhi Steve Hiltoni selja taha ning tema peamine vabariiklasest rivaal kaotas seej\u00e4rel m\u00e4rkimisv\u00e4\u00e4rselt toetust.<\/p>\n<p>&#8220;Iga\u00fcks, kes on seda v\u00f5istlust j\u00e4lginud, teab, et see on olnud pikk ja t\u00e4is t\u00f5use ja m\u00f5\u00f5nasid ning keerdk\u00e4ike,&#8221; \u00fctles California demokraatide liider Rusty Hicks.<\/p>\n<p>California demokraadist kuberner Gavin Newsom, San Franciscost p\u00e4rit endine esindajatekoja spiiker Nancy Pelosi ja Kamala Harris pole veel oma seisukohta avaldanud.<\/p>\n<p>Samal ajal toimuvad ka Los Angelese linnapea eelvalimised, kus k\u00e4ib samuti tihe rebimine. Ametisolev linnapea Karen Bass (demokraat) edestab napilt endist t\u00f5sielusaate staari Spencer Pratti (vabariiklane) ning linnavolikogu liiget Nithya Ramanit (demokraat).<\/p>\n","protected":false},"excerpt":{"rendered":"California osariik saab t\u00e4navu uue kuberneri ning USA rikkaima piirkonna juhi kohale k\u00e4ib tihe rebimine. Ajaleht The Wall&hellip;\n","protected":false},"author":2,"featured_media":192847,"comment_status":"","ping_status":"","sticky":false,"template":"","format":"standard","meta":{"footnotes":"","_share_on_mastodon":"0"},"categories":[80],"tags":[26,27,5875,82338,324,37,33,35,34,36,31,32,7492,21,28,29,95,19,25,23,24,22,325,20,43771,670,30,92,93,94],"class_list":["post-192846","post","type-post","status-publish","format-standard","has-post-thumbnail","category-maailm","tag-breaking-news","tag-breakingnews","tag-california","tag-demokraat","tag-donald-trump","tag-ee","tag-eesti","tag-eesti-keel","tag-estonia","tag-estonian","tag-featured-news","tag-featurednews","tag-gavin-newsom","tag-headlines","tag-latest-news","tag-latestnews","tag-maailm","tag-news","tag-populaarseimad-lood","tag-top-stories","tag-topstories","tag-uldised-uudised","tag-usa","tag-uudised","tag-vabariiklane","tag-valimised","tag-viimased-uudised","tag-world","tag-world-news","tag-worldnews"],"share_on_mastodon":{"url":"https:\/\/pubeurope.com\/@ee\/116675917033294617","error":""},"_links":{"self":[{"href":"https:\/\/www.europesays.com\/ee\/wp-json\/wp\/v2\/posts\/192846","targetHints":{"allow":["GET"]}}],"collection":[{"href":"https:\/\/www.europesays.com\/ee\/wp-json\/wp\/v2\/posts"}],"about":[{"href":"https:\/\/www.europesays.com\/ee\/wp-json\/wp\/v2\/types\/post"}],"author":[{"embeddable":true,"href":"https:\/\/www.europesays.com\/ee\/wp-json\/wp\/v2\/users\/2"}],"replies":[{"embeddable":true,"href":"https:\/\/www.europesays.com\/ee\/wp-json\/wp\/v2\/comments?post=192846"}],"version-history":[{"count":0,"href":"https:\/\/www.europesays.com\/ee\/wp-json\/wp\/v2\/posts\/192846\/revisions"}],"wp:featuredmedia":[{"embeddable":true,"href":"https:\/\/www.europesays.com\/ee\/wp-json\/wp\/v2\/media\/192847"}],"wp:attachment":[{"href":"https:\/\/www.europesays.com\/ee\/wp-json\/wp\/v2\/media?parent=192846"}],"wp:term":[{"taxonomy":"category","embeddable":true,"href":"https:\/\/www.europesays.com\/ee\/wp-json\/wp\/v2\/categories?post=192846"},{"taxonomy":"post_tag","embeddable":true,"href":"https:\/\/www.europesays.com\/ee\/wp-json\/wp\/v2\/tags?post=192846"}],"curies":[{"name":"wp","href":"https:\/\/api.w.org\/{rel}","templated":true}]}}