{"id":192943,"date":"2026-06-01T19:23:16","date_gmt":"2026-06-01T19:23:16","guid":{"rendered":"https:\/\/www.europesays.com\/ee\/192943\/"},"modified":"2026-06-01T19:23:16","modified_gmt":"2026-06-01T19:23:16","slug":"gaasiarved-kasvavad-alates-augustist-lisandub-732-eurone-pusitasu-iga-kuu-ka-siis-kui-gaasi-ei-kasuta","status":"publish","type":"post","link":"https:\/\/www.europesays.com\/ee\/192943\/","title":{"rendered":"Gaasiarved kasvavad: alates augustist lisandub 7,32-eurone p\u00fcsitasu iga kuu ka siis, kui gaasi ei kasuta"},"content":{"rendered":"<p class=\"wp-block-paragraph\">Gaasiv\u00f5rk muudab alates augustist oma hinnamudelit ning see t\u00e4hendab paljudele kodutarbijatele suuremaid arveid. K\u00f5ik kodukliendid peavad edaspidi maksma igakuist p\u00fcsitasu isegi siis, kui gaasi ei tarbita v\u00f5i gaasi\u00fchendus on ajutiselt suletud.<\/p>\n<p class=\"wp-block-paragraph\">Mai l\u00f5pus klientidele saadetud teavituses teatas ettev\u00f5te, et koduklientidele hakkab kehtima 5,90-eurone kuutasu, millele lisandub k\u00e4ibemaks. Kokku t\u00e4hendab see 7,32 euro suurust p\u00fcsikulu iga kuu.<\/p>\n<p class=\"wp-block-paragraph\">Lisaks tuleb tasuda tarbitud gaasikoguse pealt eraldi tasu, mille hinnaks kujuneb koos k\u00e4ibemaksuga 0,008955 eurot kilovatt-tunni kohta.<\/p>\n<p class=\"wp-block-paragraph\">Gaasiv\u00f5rk r\u00f5hutas klientidele saadetud kirjas, et p\u00fcsitasu rakendub k\u00f5igile kehtiva v\u00f5rgulepinguga m\u00f5\u00f5tepunktidele s\u00f5ltumata sellest, kas gaasi reaalselt kasutatakse v\u00f5i mitte.<\/p>\n<p class=\"wp-block-paragraph\">Uus hinnamudel puudutab k\u00f5iki kodukliente, kes kuuluvad hinnagruppi \u201eKodu\u201c. Samas lubab ettev\u00f5te, et tarbimisp\u00f5hine tasu v\u00e4heneb senisega v\u00f5rreldes rohkem kui 40 protsenti.<\/p>\n<p class=\"wp-block-paragraph\">\u00c4riklientidele p\u00fcsitasu ei lisandu, kuid neile kehtestatakse uus v\u00f5imsusp\u00f5hine kuutasu. S\u00f5ltuvalt \u00fchenduse v\u00f5imsusest j\u00e4\u00e4b see vahemikku 2,58 kuni 5,04 eurot kuus, millele lisandub k\u00e4ibemaks.<\/p>\n<p class=\"wp-block-paragraph\">Gaasiv\u00f5rgu juhatuse esimehe Triinu Tamm s\u00f5nul liigub ettev\u00f5te seniselt t\u00e4ielikult tarbimisp\u00f5hiselt s\u00fcsteemilt osaliselt v\u00f5imsusp\u00f5hisele hinnastamisele.<\/p>\n<p class=\"wp-block-paragraph\">Tema s\u00f5nul on muudatuse eesm\u00e4rk tagada gaasiv\u00f5rgu t\u00f6\u00f6kindlus ja j\u00e4tkusuutlikkus ning jagada v\u00f5rguteenuse kulud klientide vahel \u00f5iglasemalt ja l\u00e4bipaistvamalt.<\/p>\n<p class=\"wp-block-paragraph\">Ettev\u00f5tte hinnangul ei tohiks keskmise kodukliendi kogukulu m\u00e4rkimisv\u00e4\u00e4rselt suureneda ning suurema gaasitarbimisega majapidamiste puhul v\u00f5ib kogukulu isegi v\u00e4heneda.<\/p>\n<p class=\"wp-block-paragraph\">Samas valmistab uus hinnamudel muret v\u00e4ikese tarbimisega klientidele, eriti neile, kes kasutavad gaasi ainult pliidi jaoks.<\/p>\n<p class=\"wp-block-paragraph\">ERR-ile kirjutanud lugeja t\u00f5i n\u00e4iteks olukorra, kus tema senine gaasiarve oli vaid umbes kaks eurot kuus, kuid uue s\u00fcsteemi j\u00e4rgi lisandub n\u00fc\u00fcd \u00fcle seitsme euro suurune p\u00fcsitasu.<\/p>\n<p class=\"wp-block-paragraph\">ERR vahendas, et eriti puudutab see vanemaid kortermaju, kus gaasik\u00fctte asemel kasutatakse gaasi \u00fcksnes pliitidel ning igal korteril on eraldi v\u00f5rguleping.<\/p>\n<p class=\"wp-block-paragraph\">Triinu Tamme s\u00f5nul rakendub sellisel juhul p\u00fcsitasu t\u00f5epoolest igale korterile eraldi. \u00dche v\u00f5imalusena t\u00f5i ta v\u00e4lja gaasist loobumise ja elektripliidile \u00fclemineku.<\/p>\n<p class=\"wp-block-paragraph\">Alternatiivina saavad korteri\u00fchistud s\u00f5lmida \u00fche \u00fchise v\u00f5rgulepingu kogu majale. Sel juhul jagatakse \u00fcks p\u00fcsitasu k\u00f5igi korterite vahel sarnaselt kaugk\u00fctte v\u00f5i \u00fcldelektri kuludele.<\/p>\n<p class=\"wp-block-paragraph\">Gaasiv\u00f5rk p\u00f5hjendab p\u00fcsitasu kehtestamist sellega, et taristup\u00f5histe teenuste puhul on kuutasu muutunud tavap\u00e4raseks praktikaks. Ettev\u00f5tte s\u00f5nul kasutatakse sarnast s\u00fcsteemi juba elektri-, vee-, kaugk\u00fctte- ning sideteenuste puhul.<\/p>\n<p class=\"wp-block-paragraph\">Samuti viitab ettev\u00f5te naaberriikide praktikale. N\u00e4iteks kasutatakse L\u00e4tis ja Leedus samuti p\u00fcsitasu ning tarbimisp\u00f5hise tasu kombinatsiooni, Soomes kehtib osale klientidest fikseeritud kuutasu.<\/p>\n<p class=\"wp-block-paragraph\">Gaasiv\u00f5rgu uus hinnamudel valmis koost\u00f6\u00f6s konkurentsiametiga ning konsultatsioonides osalesid muu hulgas Eesti Korteri\u00fchistute Liit ja Eesti Omanike Keskliit.<\/p>\n<p>\n\tRelated\n<\/p>\n<p>\t\tPost navigation<\/p>\n","protected":false},"excerpt":{"rendered":"Gaasiv\u00f5rk muudab alates augustist oma hinnamudelit ning see t\u00e4hendab paljudele kodutarbijatele suuremaid arveid. K\u00f5ik kodukliendid peavad edaspidi maksma&hellip;\n","protected":false},"author":2,"featured_media":10520,"comment_status":"","ping_status":"","sticky":false,"template":"","format":"standard","meta":{"footnotes":"","_share_on_mastodon":"0"},"categories":[12],"tags":[26,27,37,33,35,34,36,31,32,7376,21,28,29,19,25,23,24,22,20,30],"class_list":["post-192943","post","type-post","status-publish","format-standard","has-post-thumbnail","category-eesti","tag-breaking-news","tag-breakingnews","tag-ee","tag-eesti","tag-eesti-keel","tag-estonia","tag-estonian","tag-featured-news","tag-featurednews","tag-gaas","tag-headlines","tag-latest-news","tag-latestnews","tag-news","tag-populaarseimad-lood","tag-top-stories","tag-topstories","tag-uldised-uudised","tag-uudised","tag-viimased-uudised"],"share_on_mastodon":{"url":"https:\/\/pubeurope.com\/@ee\/116676487054719872","error":""},"_links":{"self":[{"href":"https:\/\/www.europesays.com\/ee\/wp-json\/wp\/v2\/posts\/192943","targetHints":{"allow":["GET"]}}],"collection":[{"href":"https:\/\/www.europesays.com\/ee\/wp-json\/wp\/v2\/posts"}],"about":[{"href":"https:\/\/www.europesays.com\/ee\/wp-json\/wp\/v2\/types\/post"}],"author":[{"embeddable":true,"href":"https:\/\/www.europesays.com\/ee\/wp-json\/wp\/v2\/users\/2"}],"replies":[{"embeddable":true,"href":"https:\/\/www.europesays.com\/ee\/wp-json\/wp\/v2\/comments?post=192943"}],"version-history":[{"count":0,"href":"https:\/\/www.europesays.com\/ee\/wp-json\/wp\/v2\/posts\/192943\/revisions"}],"wp:featuredmedia":[{"embeddable":true,"href":"https:\/\/www.europesays.com\/ee\/wp-json\/wp\/v2\/media\/10520"}],"wp:attachment":[{"href":"https:\/\/www.europesays.com\/ee\/wp-json\/wp\/v2\/media?parent=192943"}],"wp:term":[{"taxonomy":"category","embeddable":true,"href":"https:\/\/www.europesays.com\/ee\/wp-json\/wp\/v2\/categories?post=192943"},{"taxonomy":"post_tag","embeddable":true,"href":"https:\/\/www.europesays.com\/ee\/wp-json\/wp\/v2\/tags?post=192943"}],"curies":[{"name":"wp","href":"https:\/\/api.w.org\/{rel}","templated":true}]}}