{"id":192951,"date":"2026-06-01T19:42:16","date_gmt":"2026-06-01T19:42:16","guid":{"rendered":"https:\/\/www.europesays.com\/ee\/192951\/"},"modified":"2026-06-01T19:42:16","modified_gmt":"2026-06-01T19:42:16","slug":"video-meistrite-liiga-voitnud-grusiin-keeldus-vene-keeles-raakimisest","status":"publish","type":"post","link":"https:\/\/www.europesays.com\/ee\/192951\/","title":{"rendered":"VIDEO | Meistrite liiga v\u00f5itnud grusiin keeldus vene keeles r\u00e4\u00e4kimisest"},"content":{"rendered":"<p>Sel hetkel, kui Kvaratskhelia r\u00e4\u00e4kis finaalmat\u0161i j\u00e4rel meediatsoonis Gruusia ajakirjanikega oma emakeeles, esitas \u00fcks Venemaa ajakirjanik talle k\u00fcsimuse vene keeles. Grusiin vastas inglise keeles, et ta pole valmis vene keeles r\u00e4\u00e4kima, ja j\u00e4tkas seej\u00e4rel vestlust oma kaasmaalastega. <\/p>\n<p>\u201eKhvicha, millised olid sinu sinu emotsioonid?\u201c k\u00fcsis venelane, mille peale Kvaratskhelia vastas: \u201eEi, ma ei saa r\u00e4\u00e4kida, vabandust.\u201c<\/p>\n<p>25-aastane Kvaratskhelia oskab tegelikult vene keelt h\u00e4sti, sest ta m\u00e4ngis aastatel 2019-2022 Venemaal, esindades Moskva Lokomotiivi ja Kaasani Rubiini.<\/p>\n<p>P\u00e4rast Ukraina s\u00f5ja puhkemist 2022. aasta veebruaris l\u00f5petas Kvaratskhelia Rubiiniga lepingu ja siirdus Itaaliasse Napolisse.<\/p>\n<p>Pariisi tippklubi PSG alistas laup\u00e4eval Budapestis toimunud finaalis Londoni <a rel=\"noopener nofollow\" target=\"_blank\" href=\"https:\/\/www.delfi.ee\/teema\/25969585\/arsenal\" data-rel-date-range=\"[]\">Arsenali<\/a> penaltiseerias.<\/p>\n<p>Kuidas see lugu Sind end tundma pani? Saada <a href=\"https:\/\/sport.delfi.ee\/artikkel\/120587874\/video-meistrite-liiga-voitnud-grusiin-keeldus-vene-keeles-raakimisest\/kommentaarid\" class=\"article-body-bottom__comment article-body-bottom__comment--write button button--primary button--size-auto\" rel=\"nofollow noopener\" target=\"_blank\"> Kommenteeri <\/a><a href=\"https:\/\/sport.delfi.ee\/artikkel\/120587874\/video-meistrite-liiga-voitnud-grusiin-keeldus-vene-keeles-raakimisest\/kommentaarid\" class=\"article-body-bottom__comment article-body-bottom__comment--read button button--size-auto\" rel=\"nofollow noopener\" target=\"_blank\"> Loe kommentaare (8)<\/a><\/p>\n","protected":false},"excerpt":{"rendered":"Sel hetkel, kui Kvaratskhelia r\u00e4\u00e4kis finaalmat\u0161i j\u00e4rel meediatsoonis Gruusia ajakirjanikega oma emakeeles, esitas \u00fcks Venemaa ajakirjanik talle k\u00fcsimuse&hellip;\n","protected":false},"author":2,"featured_media":192952,"comment_status":"","ping_status":"","sticky":false,"template":"","format":"standard","meta":{"footnotes":"","_share_on_mastodon":"0"},"categories":[18],"tags":[1610,37,33,35,34,36,77165,2528,159,158,6639],"class_list":["post-192951","post","type-post","status-publish","format-standard","has-post-thumbnail","category-sport","tag-arsenal","tag-ee","tag-eesti","tag-eesti-keel","tag-estonia","tag-estonian","tag-khvicha-kvaratskhelia","tag-psg","tag-sport","tag-sports","tag-uefa-meistrite-liiga"],"share_on_mastodon":{"url":"https:\/\/pubeurope.com\/@ee\/116676561977928332","error":""},"_links":{"self":[{"href":"https:\/\/www.europesays.com\/ee\/wp-json\/wp\/v2\/posts\/192951","targetHints":{"allow":["GET"]}}],"collection":[{"href":"https:\/\/www.europesays.com\/ee\/wp-json\/wp\/v2\/posts"}],"about":[{"href":"https:\/\/www.europesays.com\/ee\/wp-json\/wp\/v2\/types\/post"}],"author":[{"embeddable":true,"href":"https:\/\/www.europesays.com\/ee\/wp-json\/wp\/v2\/users\/2"}],"replies":[{"embeddable":true,"href":"https:\/\/www.europesays.com\/ee\/wp-json\/wp\/v2\/comments?post=192951"}],"version-history":[{"count":0,"href":"https:\/\/www.europesays.com\/ee\/wp-json\/wp\/v2\/posts\/192951\/revisions"}],"wp:featuredmedia":[{"embeddable":true,"href":"https:\/\/www.europesays.com\/ee\/wp-json\/wp\/v2\/media\/192952"}],"wp:attachment":[{"href":"https:\/\/www.europesays.com\/ee\/wp-json\/wp\/v2\/media?parent=192951"}],"wp:term":[{"taxonomy":"category","embeddable":true,"href":"https:\/\/www.europesays.com\/ee\/wp-json\/wp\/v2\/categories?post=192951"},{"taxonomy":"post_tag","embeddable":true,"href":"https:\/\/www.europesays.com\/ee\/wp-json\/wp\/v2\/tags?post=192951"}],"curies":[{"name":"wp","href":"https:\/\/api.w.org\/{rel}","templated":true}]}}