{"id":192986,"date":"2026-06-01T20:26:34","date_gmt":"2026-06-01T20:26:34","guid":{"rendered":"https:\/\/www.europesays.com\/ee\/192986\/"},"modified":"2026-06-01T20:26:34","modified_gmt":"2026-06-01T20:26:34","slug":"jarjekordne-reeglimuudatus-mm-iks-keelustab-varavavahtide-taktikalised-pausid-soccernet-ee","status":"publish","type":"post","link":"https:\/\/www.europesays.com\/ee\/192986\/","title":{"rendered":"J\u00e4rjekordne reeglimuudatus MM-iks keelustab v\u00e4ravavahtide taktikalised pausid &#8211; Soccernet.ee"},"content":{"rendered":"<p><img decoding=\"async\" src=\"https:\/\/www.europesays.com\/ee\/wp-content\/uploads\/2026\/06\/1780263029.jpg\" alt=\"V\u00e4ravavahi vigastus. Foto: Brit Maria Tael\"\/>&#13;\n<\/p>\n<p>FIFA kohtunike juht Pierluigi Collina avaldas, et t\u00e4navusel MM-finaalturniiril ei tohi v\u00e4ljakum\u00e4ngijad minna v\u00e4ravavahi vigastuspausi ajal tehnilisse alasse treeneritega r\u00e4\u00e4kima.<\/p>\n<p>Reeglimuudatuse eesm\u00e4rk on see, et puurivahid ei v\u00f5taks vigastusi teeseldes taktikalisi\u00a0timeout&#8217;e, mis tapaksid m\u00e4ngutempot ja mille ajal saaksid treenerid m\u00e4ngijatele uusi plaane selgitada. Samas ei v\u00f5ta antud reeglimuudatus endiselt \u00e4ra olukordi, kus kindamehed teesklevad vigastusi lihtsalt hea r\u00fctmi leidnud vastaste tempo l\u00f5hkumiseks. Ja t\u00e4navusel MM-finaalturniiril on treeneritel nagunii m\u00f5lemal poolajal kasutada timeout&#8217;ina \u00fcks kolmeminutiline joogipaus.&#13;\n<\/p>\n<p>Sama reeglimuudatust on juba rakendanud USA naiste profiliiga, kus v\u00e4ravavahi vigastuspausi korral on pidanud m\u00f5lema v\u00f5istkonna m\u00e4ngijad kas j\u00e4\u00e4ma oma kohale v\u00f5i kogunema keskringi. N\u00fc\u00fcd v\u00f5tab FIFA sellest eeskuju. Samas \u00fctles Collina, et m\u00e4ngijale, kes \u00fcritab minna treeneriga r\u00e4\u00e4kima, kollast kaarti ei anta.&#13;\n<\/p>\n<p>Veel \u00fcks v\u00e4rske muudatus \u00fctleb, et VAR saab MM-i ajal sekkuda ka r\u00fcndava meeskonna vea korral, mis on tehtud standardolukorras enne palli m\u00e4ngupanekut, juhul kui sellel on m\u00f5ju j\u00e4rgenud v\u00e4rava saavutamisele v\u00f5i penalti v\u00f5i distsiplinaarkaristuse teenimisele.&#13;\n<\/p>\n<p>Juba varasemalt olid teada t\u00e4navuseks MM-finaalturniiriks mitmed reeglimuudatused, mis aitavad ajaraiskamist v\u00e4hendada v\u00f5i annavad VAR-ile rohkem v\u00f5imalusi sekkuda. Kui kohtunik n\u00e4eb, et audiviske v\u00f5i v\u00e4ravast v\u00e4ljal\u00f6\u00f6giga proovitakse sihilikult viivitada, v\u00f5ib ta hakata demonstratiivselt viit sekundit lugema &#8211; kui enne viie sekundi t\u00e4itumist palli m\u00e4ngu ei panda, m\u00e4\u00e4ratakse vastavalt kas audivise v\u00f5i nurgal\u00f6\u00f6k vastasmeeskonna kasuks.&#13;\n<\/p>\n<p>Vahetuse ajal on v\u00e4ljavahetataval m\u00e4ngijal platsilt lahkumiseks aega vaid k\u00fcmme sekundit. Juhul kui ta j\u00e4\u00e4b liiga aeglaseks, siis peab sissevahetatav m\u00e4ngija enne platsile jooksmist k\u00fcljejoone taga \u00fche minuti (ja siis veel kuni j\u00e4rgmise m\u00e4nguseisakuni) ootama, ehk meeskond peab \u00fche minuti m\u00e4ngima v\u00e4hemuses.&#13;\n<\/p>\n<p>\u00dcheks minutiks peab platsilt eemale j\u00e4\u00e4ma ka m\u00e4ngija, kelle vigastuse t\u00f5ttu m\u00e4ng peatati v\u00f5i f\u00fcsioterapeut\/arst v\u00e4ljakule kutsuti. V\u00e4lja arvatud juhul, kui vigastuse p\u00f5hjustas vastase kaardiv\u00e4\u00e4riline viga, v\u00f5i juhul kui tegemist on v\u00e4ravavahiga.&#13;\n<\/p>\n<p>Seni vaid v\u00e4ravate, penaltite ja otseste punaste kaartide olukordade ning valele m\u00e4ngijale antud kaardi olukordade puhul sekkunud VAR v\u00f5ib t\u00e4navusel MM-il sekkuda ka valesti antud nurgal\u00f6\u00f6kide ning sama m\u00e4ngija teise kollase kaardi (mis teeb kokku punase) olukordades.&#13;\n<\/p>\n<p>Kohtunik v\u00f5ib t\u00e4navusel MM-il anda ka punase kaardi m\u00e4ngijale, kes konfliktses olukorras vastasega r\u00e4\u00e4kides oma suu n\u00e4iteks k\u00e4e v\u00f5i s\u00e4rgiga kinni katab. Selle reeglimuudatuse ajendiks on <a href=\"https:\/\/soccernet.ee\/artikkel\/rassismis-suudistatav-prestianni-ei-tohi-real-madridi-vastu-kordusmangus-osaleda\" target=\"_blank\" rel=\"nofollow noopener\">veebruarikuine Meistrite liiga m\u00e4ng<\/a>, milles Gianluca Prestianni (Benfica) solvas s\u00e4rgiga suud kattes v\u00e4idetavalt rassistlikult Vinicius Juniorit (Real Madrid). Collina t\u00e4psustas, et juhul kui m\u00e4ngijate vestlus on s\u00f5bralik, siis on suu kinnikatmine lubatud. Kohtuniku punane kaart hakkab lehvima ka siis, kui m\u00e4ngija lahkub vilemehe otsuse vastu protesteerimise eesm\u00e4rgil v\u00e4ljakult.<\/p>\n","protected":false},"excerpt":{"rendered":"&#13; FIFA kohtunike juht Pierluigi Collina avaldas, et t\u00e4navusel MM-finaalturniiril ei tohi v\u00e4ljakum\u00e4ngijad minna v\u00e4ravavahi vigastuspausi ajal tehnilisse&hellip;\n","protected":false},"author":2,"featured_media":192987,"comment_status":"","ping_status":"","sticky":false,"template":"","format":"standard","meta":{"footnotes":"","_share_on_mastodon":"0"},"categories":[18],"tags":[12654,37,33,35,34,36,13376,6890,82368,28518,82369,159,158,1624],"class_list":["post-192986","post","type-post","status-publish","format-standard","has-post-thumbnail","category-sport","tag-collina","tag-ee","tag-eesti","tag-eesti-keel","tag-estonia","tag-estonian","tag-mm-finaalturniir","tag-mm2026","tag-pierluigi-collina","tag-reeglid","tag-reeglimuudatused","tag-sport","tag-sports","tag-var"],"share_on_mastodon":{"url":"https:\/\/pubeurope.com\/@ee\/116676735128426163","error":""},"_links":{"self":[{"href":"https:\/\/www.europesays.com\/ee\/wp-json\/wp\/v2\/posts\/192986","targetHints":{"allow":["GET"]}}],"collection":[{"href":"https:\/\/www.europesays.com\/ee\/wp-json\/wp\/v2\/posts"}],"about":[{"href":"https:\/\/www.europesays.com\/ee\/wp-json\/wp\/v2\/types\/post"}],"author":[{"embeddable":true,"href":"https:\/\/www.europesays.com\/ee\/wp-json\/wp\/v2\/users\/2"}],"replies":[{"embeddable":true,"href":"https:\/\/www.europesays.com\/ee\/wp-json\/wp\/v2\/comments?post=192986"}],"version-history":[{"count":0,"href":"https:\/\/www.europesays.com\/ee\/wp-json\/wp\/v2\/posts\/192986\/revisions"}],"wp:featuredmedia":[{"embeddable":true,"href":"https:\/\/www.europesays.com\/ee\/wp-json\/wp\/v2\/media\/192987"}],"wp:attachment":[{"href":"https:\/\/www.europesays.com\/ee\/wp-json\/wp\/v2\/media?parent=192986"}],"wp:term":[{"taxonomy":"category","embeddable":true,"href":"https:\/\/www.europesays.com\/ee\/wp-json\/wp\/v2\/categories?post=192986"},{"taxonomy":"post_tag","embeddable":true,"href":"https:\/\/www.europesays.com\/ee\/wp-json\/wp\/v2\/tags?post=192986"}],"curies":[{"name":"wp","href":"https:\/\/api.w.org\/{rel}","templated":true}]}}