{"id":193051,"date":"2026-06-01T22:20:06","date_gmt":"2026-06-01T22:20:06","guid":{"rendered":"https:\/\/www.europesays.com\/ee\/193051\/"},"modified":"2026-06-01T22:20:06","modified_gmt":"2026-06-01T22:20:06","slug":"kaks-ja-pool-aastat-tiksus-pomm-vannitoas-kuni-juhtuski-tragoodia-eesti-ekspress","status":"publish","type":"post","link":"https:\/\/www.europesays.com\/ee\/193051\/","title":{"rendered":"Kaks ja pool aastat tiksus \u201epomm\u201c vannitoas. Kuni juhtuski trag\u00f6\u00f6dia &#8211; Eesti Ekspress"},"content":{"rendered":"<ol>\n<li><a href=\"https:\/\/news.google.com\/rss\/articles\/CBMirgFBVV95cUxQUjYwOURrR3V2c2FSeVA3SGNaZ29iVDROcFJBU1UwZVVtQVpNZnJoQU9hZ1Zicl9uOFB6N2lXZlUxMTU3ajUzcTFTYTFoYWFwbkY1ZVVqcS1lbmZQaDF2R01wLXlSRWZqRlBfQ1lLSnFYSjJfQk44c0xHbnpIU2pIMldKaUE1ZG4xZHJiZ1pvQmRhV2F0c3dlMWhuc2Q2aVJFS25kcktfNWg3c0hXOFE?oc=5\" target=\"_blank\" rel=\"nofollow noopener\">Kaks ja pool aastat tiksus \u201epomm\u201c vannitoas. Kuni juhtuski trag\u00f6\u00f6dia<\/a>&nbsp;&nbsp;Eesti Ekspress<\/li>\n<li><a href=\"https:\/\/news.google.com\/rss\/articles\/CBMiywFBVV95cUxOb3BVdC1LSWN0NHltdjY2REVTcjZLUVdNb0hNT3VIWkpRZTJqVU43RzlEV0dvdzNIYmJpUVhERGRxclV6QzlhbnpGQW10eTk0eHVuWmU3TWFlRTZrcHF4V19jaHRpMENsbmRzemtiZzBfajZpRkdTdTkwY1REc2FyZGxnZkt2SFFtOTBodU1EUXVNQmFqQnRKdzBOUklvME5vTmNRNmRUdkVtbkZrWlkwNGMyRXMycHhsbk1mNmpmRGVQRzlzS2FUM2pXQQ?oc=5\" target=\"_blank\" rel=\"nofollow noopener\">TV3 uudised: kahe inimese elu n\u00f5udnud vingugaasi\u00f5nnetus l\u00f5ppes kohtus \u00f5igeksm\u00f5istmisega<\/a>&nbsp;&nbsp;tv3.ee<\/li>\n<li><a href=\"https:\/\/news.google.com\/rss\/articles\/CBMi3gFBVV95cUxPVXZORWdXYzRrVDIxdWctNzJmcGRxSEU2cHcyb3RpbzJjcHZsSHY2cVlnQ0JjX2xlUmkycGVNR2JDeFk0dldmMVBrUWlodmpJMHNjRVBNbUxrZTBicXVWTU9ybHpDWjRhMTJjZUV6NnBmY0lDaVcxdllscnFqUDZheWhpYWdQTE16cFFaNXh0Z2dPM2E3emNTdWcyeXBVMWF3TlN1Szh0ai14MTMxZzlGMi1pcVhoclIxN1JsWmZlbk8xWU8ybDhTRnJ3LS1Eb1JaQ2dLZWM5Vk1DUjJKSUE?oc=5\" target=\"_blank\" rel=\"nofollow noopener\">FOTOD KOHTUST | Boileripaigaldaja m\u00f5isteti \u00f5igeks. Vanaisa ja lapselapse elu n\u00f5udnud gaasi\u00f5nnetuses ei ole s\u00fc\u00fcdlast<\/a>&nbsp;&nbsp;\u00d5htuleht<\/li>\n<\/ol>\n","protected":false},"excerpt":{"rendered":"Kaks ja pool aastat tiksus \u201epomm\u201c vannitoas. Kuni juhtuski trag\u00f6\u00f6dia&nbsp;&nbsp;Eesti Ekspress TV3 uudised: kahe inimese elu n\u00f5udnud vingugaasi\u00f5nnetus&hellip;\n","protected":false},"author":2,"featured_media":193052,"comment_status":"","ping_status":"","sticky":false,"template":"","format":"standard","meta":{"footnotes":"","_share_on_mastodon":"0"},"categories":[5],"tags":[5554,26,27,37,33,5551,35,5552,34,36,31,32,5555,21,28,29,19,5557,5553,25,5556,23,24,22,20,30],"class_list":["post-193051","post","type-post","status-publish","format-standard","has-post-thumbnail","category-uldised-uudised","tag-areen","tag-breaking-news","tag-breakingnews","tag-ee","tag-eesti","tag-eesti-ekspress","tag-eesti-keel","tag-ekspress","tag-estonia","tag-estonian","tag-featured-news","tag-featurednews","tag-flash","tag-headlines","tag-latest-news","tag-latestnews","tag-news","tag-onne-valem","tag-persoon","tag-populaarseimad-lood","tag-sahinad","tag-top-stories","tag-topstories","tag-uldised-uudised","tag-uudised","tag-viimased-uudised"],"share_on_mastodon":{"url":"https:\/\/pubeurope.com\/@ee\/116677183033457638","error":""},"_links":{"self":[{"href":"https:\/\/www.europesays.com\/ee\/wp-json\/wp\/v2\/posts\/193051","targetHints":{"allow":["GET"]}}],"collection":[{"href":"https:\/\/www.europesays.com\/ee\/wp-json\/wp\/v2\/posts"}],"about":[{"href":"https:\/\/www.europesays.com\/ee\/wp-json\/wp\/v2\/types\/post"}],"author":[{"embeddable":true,"href":"https:\/\/www.europesays.com\/ee\/wp-json\/wp\/v2\/users\/2"}],"replies":[{"embeddable":true,"href":"https:\/\/www.europesays.com\/ee\/wp-json\/wp\/v2\/comments?post=193051"}],"version-history":[{"count":0,"href":"https:\/\/www.europesays.com\/ee\/wp-json\/wp\/v2\/posts\/193051\/revisions"}],"wp:featuredmedia":[{"embeddable":true,"href":"https:\/\/www.europesays.com\/ee\/wp-json\/wp\/v2\/media\/193052"}],"wp:attachment":[{"href":"https:\/\/www.europesays.com\/ee\/wp-json\/wp\/v2\/media?parent=193051"}],"wp:term":[{"taxonomy":"category","embeddable":true,"href":"https:\/\/www.europesays.com\/ee\/wp-json\/wp\/v2\/categories?post=193051"},{"taxonomy":"post_tag","embeddable":true,"href":"https:\/\/www.europesays.com\/ee\/wp-json\/wp\/v2\/tags?post=193051"}],"curies":[{"name":"wp","href":"https:\/\/api.w.org\/{rel}","templated":true}]}}