{"id":193119,"date":"2026-06-02T01:16:29","date_gmt":"2026-06-02T01:16:29","guid":{"rendered":"https:\/\/www.europesays.com\/ee\/193119\/"},"modified":"2026-06-02T01:16:29","modified_gmt":"2026-06-02T01:16:29","slug":"politsei-otsib-tallinnas-kadunud-47-aastast-benoit-olivieri-ja-1a10k-vanust-galiana-simone-colettei","status":"publish","type":"post","link":"https:\/\/www.europesays.com\/ee\/193119\/","title":{"rendered":"Politsei otsib Tallinnas kadunud 47-aastast Benoit Olivier\u2019i ja 1a10k vanust Galiana Simone Colette\u2019i"},"content":{"rendered":"<p><img loading=\"lazy\" decoding=\"async\" width=\"407\" height=\"500\" src=\"https:\/\/www.europesays.com\/ee\/wp-content\/uploads\/2026\/06\/nadala-armastuse-horoskoop.jpg\" alt=\"nadala armastuse horoskoop\" class=\"wp-image-217091\" title=\"Politsei otsib Tallinnas kadunud 47-aastast Benoit Olivier\u2019i ja 1a10k vanust Galiana Simone Colette\u2019i 2\"  \/><\/p>\n<p class=\"wp-block-paragraph\">Politsei palub abi Tallinnas kadunud 47-aastase Benoit Olivier\u2019i ja tema 1a10k vanuse t\u00fctre Galiana Simone Colette\u2019i asukoha tuvastamisel. Mees l\u00e4ks lapsega jalutama 29. mai ennel\u00f5unal ning nad pole senini naasnud. T\u00e4na p\u00f6\u00f6rdus lapse ema politsei poole ning palus nende leidmisel politsei abi.<\/p>\n<p class=\"wp-block-paragraph\">Politsei on kontrollinud mehe ja lapse v\u00f5imalikke viibimiskohti, kuid seni pole \u00f5nnestunud tema asukohta tuvastada. Telefonile mees ei vasta.<\/p>\n<p class=\"wp-block-paragraph\">Lapse ja isa puhul on tegu prantsuse kodanikega. Benoit Olivier kandis khakiv\u00e4rvi p\u00fckse, valgeid jalan\u00f5usid ning peas nokam\u00fctsi. Lapsel on tumedad l\u00fchikesed juuksed, tal on seljas sinine kapuutsiga jakk ja jalas teksad ja valged tossud. Nad v\u00f5ivad liikuda khakirohelist-musta v\u00e4rvi lapsek\u00e4ruga.<\/p>\n<p class=\"wp-block-paragraph\">Politsei palub k\u00f5igil, kes on meest ja t\u00fcdrukut n\u00e4inud v\u00f5i teavad nende asukohta, anda sellest teada h\u00e4irekeskusele numbril 112.<\/p>\n<p>\n\tRelated\n<\/p>\n<p>\t\tPost navigation<\/p>\n","protected":false},"excerpt":{"rendered":"Politsei palub abi Tallinnas kadunud 47-aastase Benoit Olivier\u2019i ja tema 1a10k vanuse t\u00fctre Galiana Simone Colette\u2019i asukoha tuvastamisel.&hellip;\n","protected":false},"author":2,"featured_media":193120,"comment_status":"","ping_status":"","sticky":false,"template":"","format":"standard","meta":{"footnotes":"","_share_on_mastodon":"0"},"categories":[5],"tags":[26,27,37,33,35,34,36,31,32,21,1918,28,29,19,25,23,24,22,20,30],"class_list":["post-193119","post","type-post","status-publish","format-standard","has-post-thumbnail","category-uldised-uudised","tag-breaking-news","tag-breakingnews","tag-ee","tag-eesti","tag-eesti-keel","tag-estonia","tag-estonian","tag-featured-news","tag-featurednews","tag-headlines","tag-kadunud","tag-latest-news","tag-latestnews","tag-news","tag-populaarseimad-lood","tag-top-stories","tag-topstories","tag-uldised-uudised","tag-uudised","tag-viimased-uudised"],"share_on_mastodon":{"url":"https:\/\/pubeurope.com\/@ee\/116677875439414517","error":""},"_links":{"self":[{"href":"https:\/\/www.europesays.com\/ee\/wp-json\/wp\/v2\/posts\/193119","targetHints":{"allow":["GET"]}}],"collection":[{"href":"https:\/\/www.europesays.com\/ee\/wp-json\/wp\/v2\/posts"}],"about":[{"href":"https:\/\/www.europesays.com\/ee\/wp-json\/wp\/v2\/types\/post"}],"author":[{"embeddable":true,"href":"https:\/\/www.europesays.com\/ee\/wp-json\/wp\/v2\/users\/2"}],"replies":[{"embeddable":true,"href":"https:\/\/www.europesays.com\/ee\/wp-json\/wp\/v2\/comments?post=193119"}],"version-history":[{"count":0,"href":"https:\/\/www.europesays.com\/ee\/wp-json\/wp\/v2\/posts\/193119\/revisions"}],"wp:featuredmedia":[{"embeddable":true,"href":"https:\/\/www.europesays.com\/ee\/wp-json\/wp\/v2\/media\/193120"}],"wp:attachment":[{"href":"https:\/\/www.europesays.com\/ee\/wp-json\/wp\/v2\/media?parent=193119"}],"wp:term":[{"taxonomy":"category","embeddable":true,"href":"https:\/\/www.europesays.com\/ee\/wp-json\/wp\/v2\/categories?post=193119"},{"taxonomy":"post_tag","embeddable":true,"href":"https:\/\/www.europesays.com\/ee\/wp-json\/wp\/v2\/tags?post=193119"}],"curies":[{"name":"wp","href":"https:\/\/api.w.org\/{rel}","templated":true}]}}