{"id":19321,"date":"2025-10-14T11:50:08","date_gmt":"2025-10-14T11:50:08","guid":{"rendered":"https:\/\/www.europesays.com\/ee\/19321\/"},"modified":"2025-10-14T11:50:08","modified_gmt":"2025-10-14T11:50:08","slug":"jalka-konverents-toob-kokku-teadlased-treenerid-ja-kultuuritegelased-soccernet-ee","status":"publish","type":"post","link":"https:\/\/www.europesays.com\/ee\/19321\/","title":{"rendered":"Jalka konverents toob kokku teadlased, treenerid ja kultuuritegelased &#8211; Soccernet.ee"},"content":{"rendered":"<ol>\n<li><a href=\"https:\/\/news.google.com\/rss\/articles\/CBMisAFBVV95cUxPNmprQUdVWnJQMHRMRU9SdlFPbnBydHVjR3lPa3lRTUl6Mm5Ea2IwMVV1UG5XZTNPd0NEOUp2R1ZqWUlxNVFNTllsc3hJRXNaekE3T182UnpGMlZhMHZqU1oxajU1eVlRY25BdF9FZllxMGxLSjRCb2hQeU1ydnh4SWFWbTRvSEdYSzNKSnEzc0dRZHBudEVnNF9iOUFDNFNNOXdPRkdVOUY2N0U2UzZScQ?oc=5\" target=\"_blank\" rel=\"nofollow noopener\">Jalka konverents toob kokku teadlased, treenerid ja kultuuritegelased<\/a>&nbsp;&nbsp;Soccernet.ee<\/li>\n<li><a href=\"https:\/\/news.google.com\/rss\/articles\/CBMiigFBVV95cUxObmg1Q0NwS3AtWlJuU0tidFRRTlpmc3dyVzJmN08yT0pJSGJLaDNyN014dW56Ynk0a05SNFYyeFZXaXpLZ0M2YjEtS1hqQnR1V014LUJBcGxtcHJFSGp5aXNEakhSdE04Y2F2aFh2TlhBMmdjVVFqZFNTSHk3MnFYcE5LZkRYSjQtN0E?oc=5\" target=\"_blank\" rel=\"nofollow noopener\">Noored Prantsusmaa t\u00e4hed l\u00f5id Eestile kuus v\u00e4ravat<\/a>&nbsp;&nbsp;sport | ERR<\/li>\n<li><a href=\"https:\/\/news.google.com\/rss\/articles\/CBMivAFBVV95cUxOVjRzYkx2ODB2MWMwQ0JGakNkVHN1TWZGM0trUTd6dFZYZC1DVFJmLXRqZXItcTZERUxUZW12U0MyZTJKNnFsQ3R1NkZTSTJwOG4xdUhfLUV3cGR3X1VTeDd1NnY2RXRyVF9CaHlXOEd4UGV0NmpqV3Vfek02c25HQ1I2MnVOYkhoVjRGbE1pYWhkdGwwVGRFc3o5SlVYTm04bmRPQ2ZsUFVvQUVmYXowT21mNWhROTZZSFNUVA?oc=5\" target=\"_blank\" rel=\"nofollow noopener\">Saraj\u00e4rvi suure kaotuse j\u00e4rel Prantsusmaale: vaadata tuleb suuremat pilti, mis on positiivne<\/a>&nbsp;&nbsp;Soccernet.ee<\/li>\n<li><a href=\"https:\/\/news.google.com\/rss\/articles\/CBMizgFBVV95cUxQc2NJemNqSndkcGdXR1FVWVJNdWtiRE5HX0dTUWZIV0NoaEdMbl9qRVJRTG9ueVYyZUZycUxDQkZmaEcxWVgtb0F2aGZCRlB4UGczYVFaeC1QdFdiLVdpWGVJbVJUN0s3ZkZhT2ZVOXZlRWZCbjJfT0I5ZGprN2pqX2NqOFhRZnhZR2lLYjZ6MDRsbmF4SlcxYUhQMkxCX1pMOGVVczVyQXZUMFR5bWJQcEJKUHlJQnhfRHU0b3F1S19PcHBmRjZyVHlGcmFqdw?oc=5\" target=\"_blank\" rel=\"nofollow noopener\">VAATA J\u00c4RELE: Varjund karistas PSG mehe eksimuse \u00e4ra, ent prantslased kostitasid eestlaseid siiski kuuega<\/a>&nbsp;&nbsp;Soccernet.ee<\/li>\n<li><a href=\"https:\/\/news.google.com\/rss\/articles\/CBMiwAFBVV95cUxPWHRBaVVCbmMxVE95Wndha3k3SnhSaDFtYkJmTmZpQThzZHJ2MHNYMS1XLWpIMTFTVmdSY1A3Z3luRHd5bklwOER3QWpHSmR5R3B3OUprYkFGMVFsamdFbzk1QUhsU0VJczdWN0RYT2lnZjJ3NzBPU1RjQ3dSYVZyd0hxdDlnWjlYR3cwY2Z1b1RhUy1pMF9meHR0QkFNTjlmUUlPVXJZdm5vRGc4VHZRQUQ1blFtZ3ZOaFlZaWNuNnU?oc=5\" target=\"_blank\" rel=\"nofollow noopener\">Staaridest kubisenud prantslastele v\u00e4rava l\u00f6\u00f6nud Varjund: tippude vastu m\u00e4ngimine on ikka ulme!<\/a>&nbsp;&nbsp;Soccernet.ee<\/li>\n<\/ol>\n","protected":false},"excerpt":{"rendered":"Jalka konverents toob kokku teadlased, treenerid ja kultuuritegelased&nbsp;&nbsp;Soccernet.ee Noored Prantsusmaa t\u00e4hed l\u00f5id Eestile kuus v\u00e4ravat&nbsp;&nbsp;sport | ERR Saraj\u00e4rvi&hellip;\n","protected":false},"author":2,"featured_media":19322,"comment_status":"","ping_status":"","sticky":false,"template":"","format":"standard","meta":{"footnotes":""},"categories":[18],"tags":[11358,37,33,35,34,36,11359,11360,810,11361,11362,11363,212,11364,11365,11366,11367,11368,11369,11370,11371,11372,11373,11374,159,158,11375,11376,11377,11378],"class_list":{"0":"post-19321","1":"post","2":"type-post","3":"status-publish","4":"format-standard","5":"has-post-thumbnail","7":"category-sport","8":"tag-anastasiya-fiadotova","9":"tag-ee","10":"tag-eesti","11":"tag-eesti-keel","12":"tag-estonia","13":"tag-estonian","14":"tag-fiadotova","15":"tag-indrek-schwede","16":"tag-jaak-prints","17":"tag-jalka","18":"tag-jalka-konverents","19":"tag-joosep-susi","20":"tag-juhan-ulfsak","21":"tag-konverents","22":"tag-kunnus","23":"tag-ludvig-tasane","24":"tag-marek-volt","25":"tag-mihkel-kunnus","26":"tag-penu","27":"tag-priit-penu","28":"tag-priit-pullerits","29":"tag-prints","30":"tag-pullerits","31":"tag-schwede","32":"tag-sport","33":"tag-sports","34":"tag-susi","35":"tag-tasane","36":"tag-ulfsak","37":"tag-volt"},"share_on_mastodon":{"url":"","error":""},"_links":{"self":[{"href":"https:\/\/www.europesays.com\/ee\/wp-json\/wp\/v2\/posts\/19321","targetHints":{"allow":["GET"]}}],"collection":[{"href":"https:\/\/www.europesays.com\/ee\/wp-json\/wp\/v2\/posts"}],"about":[{"href":"https:\/\/www.europesays.com\/ee\/wp-json\/wp\/v2\/types\/post"}],"author":[{"embeddable":true,"href":"https:\/\/www.europesays.com\/ee\/wp-json\/wp\/v2\/users\/2"}],"replies":[{"embeddable":true,"href":"https:\/\/www.europesays.com\/ee\/wp-json\/wp\/v2\/comments?post=19321"}],"version-history":[{"count":0,"href":"https:\/\/www.europesays.com\/ee\/wp-json\/wp\/v2\/posts\/19321\/revisions"}],"wp:featuredmedia":[{"embeddable":true,"href":"https:\/\/www.europesays.com\/ee\/wp-json\/wp\/v2\/media\/19322"}],"wp:attachment":[{"href":"https:\/\/www.europesays.com\/ee\/wp-json\/wp\/v2\/media?parent=19321"}],"wp:term":[{"taxonomy":"category","embeddable":true,"href":"https:\/\/www.europesays.com\/ee\/wp-json\/wp\/v2\/categories?post=19321"},{"taxonomy":"post_tag","embeddable":true,"href":"https:\/\/www.europesays.com\/ee\/wp-json\/wp\/v2\/tags?post=19321"}],"curies":[{"name":"wp","href":"https:\/\/api.w.org\/{rel}","templated":true}]}}