{"id":193307,"date":"2026-06-02T07:07:09","date_gmt":"2026-06-02T07:07:09","guid":{"rendered":"https:\/\/www.europesays.com\/ee\/193307\/"},"modified":"2026-06-02T07:07:09","modified_gmt":"2026-06-02T07:07:09","slug":"haneliste-kevadranne-on-selleks-aastaks-moodas","status":"publish","type":"post","link":"https:\/\/www.europesays.com\/ee\/193307\/","title":{"rendered":"Haneliste kevadr\u00e4nne on selleks aastaks m\u00f6\u00f6das"},"content":{"rendered":"<p>Kevadel Eestit l\u00e4binud haneliste massiline kevadr\u00e4nne on selleks aastaks l\u00f5ppenud. T\u00e4navu teatasid p\u00f5llumehed Keskkonnaametile r\u00e4ndlindude tekitatud kahjustustest ligi 2000 hektari ulatuses. Sellel kevadel k\u00fctiti k\u00fclvatud kultuuriga p\u00f5llumassiividel heidutuse eesm\u00e4rgil 224 hanelist.<\/p>\n<p class=\"x_MsoNormal\">Keskkonnaameti jahinduse ja vee-elustiku osakonna looduskaitse peaspetsialisti T\u00f5nu Talvi s\u00f5nul on haneliste arvukuse kasv \u00fcks rahvusvahelise r\u00e4ndlindude kaitse edulugusid.<\/p>\n","protected":false},"excerpt":{"rendered":"Kevadel Eestit l\u00e4binud haneliste massiline kevadr\u00e4nne on selleks aastaks l\u00f5ppenud. T\u00e4navu teatasid p\u00f5llumehed Keskkonnaametile r\u00e4ndlindude tekitatud kahjustustest ligi&hellip;\n","protected":false},"author":2,"featured_media":193308,"comment_status":"","ping_status":"","sticky":false,"template":"","format":"standard","meta":{"footnotes":"","_share_on_mastodon":"0"},"categories":[12],"tags":[3427,3431,3426,26,27,37,33,35,3450,3456,3445,34,36,3451,31,32,21,3429,1155,3455,3428,44,28,29,3432,1952,3442,426,3439,3444,3437,3448,3443,3086,3425,19,443,3452,3433,3449,3447,3424,3441,3435,25,3446,3430,134,3454,3440,3453,371,3434,23,24,3436,22,20,3438,30],"class_list":["post-193307","post","type-post","status-publish","format-standard","has-post-thumbnail","category-eesti","tag-aed","tag-aedviljad","tag-aiatarkus","tag-breaking-news","tag-breakingnews","tag-ee","tag-eesti","tag-eesti-keel","tag-eesti-pollumajandus-kaubanduskoda","tag-eesti-talupidajate-keskliit","tag-erakorraline-toetus","tag-estonia","tag-estonian","tag-etki","tag-featured-news","tag-featurednews","tag-headlines","tag-juurviljakasvatus","tag-kalandus","tag-kerli-ats","tag-koduaed","tag-koogiviljakasvatus","tag-latest-news","tag-latestnews","tag-lilled","tag-looduskalender","tag-loomakasvatus","tag-maaelu","tag-maaettevotlus","tag-maamess","tag-maaturism","tag-maaulikool","tag-mahetootmine","tag-metsandus","tag-metsatoostus","tag-news","tag-olustvere","tag-parim-talu","tag-piimakari","tag-polli","tag-pollimajandustoetus","tag-pollumajandus","tag-pollumajanduspoliitika","tag-pollumajandustehnika","tag-populaarseimad-lood","tag-pria","tag-puuviljakasvatus","tag-rohepoore","tag-roomet-sormus","tag-taimetark","tag-talutoit","tag-tehnika","tag-toiduainetoostus","tag-top-stories","tag-topstories","tag-turism","tag-uldised-uudised","tag-uudised","tag-vaikeettevotlus","tag-viimased-uudised"],"share_on_mastodon":{"url":"","error":"Validation failed: Text character limit of 500 exceeded"},"_links":{"self":[{"href":"https:\/\/www.europesays.com\/ee\/wp-json\/wp\/v2\/posts\/193307","targetHints":{"allow":["GET"]}}],"collection":[{"href":"https:\/\/www.europesays.com\/ee\/wp-json\/wp\/v2\/posts"}],"about":[{"href":"https:\/\/www.europesays.com\/ee\/wp-json\/wp\/v2\/types\/post"}],"author":[{"embeddable":true,"href":"https:\/\/www.europesays.com\/ee\/wp-json\/wp\/v2\/users\/2"}],"replies":[{"embeddable":true,"href":"https:\/\/www.europesays.com\/ee\/wp-json\/wp\/v2\/comments?post=193307"}],"version-history":[{"count":0,"href":"https:\/\/www.europesays.com\/ee\/wp-json\/wp\/v2\/posts\/193307\/revisions"}],"wp:featuredmedia":[{"embeddable":true,"href":"https:\/\/www.europesays.com\/ee\/wp-json\/wp\/v2\/media\/193308"}],"wp:attachment":[{"href":"https:\/\/www.europesays.com\/ee\/wp-json\/wp\/v2\/media?parent=193307"}],"wp:term":[{"taxonomy":"category","embeddable":true,"href":"https:\/\/www.europesays.com\/ee\/wp-json\/wp\/v2\/categories?post=193307"},{"taxonomy":"post_tag","embeddable":true,"href":"https:\/\/www.europesays.com\/ee\/wp-json\/wp\/v2\/tags?post=193307"}],"curies":[{"name":"wp","href":"https:\/\/api.w.org\/{rel}","templated":true}]}}