{"id":193318,"date":"2026-06-02T07:26:08","date_gmt":"2026-06-02T07:26:08","guid":{"rendered":"https:\/\/www.europesays.com\/ee\/193318\/"},"modified":"2026-06-02T07:26:08","modified_gmt":"2026-06-02T07:26:08","slug":"tarvo-krall-valmistun-rokkmuusiku-rolliks-maikeni-kae-all-vikerraadio","status":"publish","type":"post","link":"https:\/\/www.europesays.com\/ee\/193318\/","title":{"rendered":"Tarvo Krall: valmistun rokkmuusiku rolliks Maikeni k\u00e4e all | Vikerraadio"},"content":{"rendered":"<p>Lavakunstikooli kursusevennad Tarvo Krall ja \u00dcllar Saarem\u00e4e astuvad suvel \u00fcles lavastuses &#8220;B\u00e4ndiproov&#8221;, mis r\u00e4\u00e4gib vanadest rokipeerudest. Kralli s\u00f5nul k\u00e4ib ta praegu Maikeni juures laulmist harjutamas, et h\u00e4\u00e4l rokkimisele vastu peaks.<\/p>\n<p>&#8220;Mul on p\u00e4ris enda b\u00e4nd olnud, sellest on n\u00fc\u00fcd \u00fcle k\u00fcmne aasta tagasi, kus me astusime \u00fcles sellise punkb\u00e4ndiga nagu Streptococcus pyogenes, mis tegi enamasti Sex Pistolsi kavereid. B\u00e4nd on populaarne eelk\u00f5ige seet\u00f5ttu, et see on olnud k\u00f5igi kolme punklaulupeo saateb\u00e4nd. See oli mulle v\u00e4ga oluline, et ma \u00fchel hetkel sain kokku kollektiivi, keda ma v\u00f5isin enda b\u00e4ndiks nimetada. Olin siis 33-aastane,&#8221; muheles n\u00e4itleja ja lavastaja \u00dcllar Saarem\u00e4e.<\/p>\n<p>&#8220;Mina olen tantsumuusik. Minu loominguline puhang hakkas pihta juba keskkooli viimastes klassides, kus ma hakkasin m\u00e4ngima kontrabassi, seda pilli on lihtne m\u00e4ngida. Lavaka ajal olin ma \u00fchel hetkel \u00fcks j\u00f5ukamaid mehi, sest k\u00e4isin pulmades pilli m\u00e4ngimas,&#8221; t\u00f5des n\u00e4itleja Tarvo Krall.<\/p>\n<p>Viimane live-esinemine oli Krallil improteatris Impeerium. &#8220;Seal me teeme muusikali. K\u00fcsime publikult, kus muusikal toimub, mis on selle pealkiri, mina olen pilli taga ja lauljad laulavad. Kaks vaatust t\u00e4is muusikali,&#8221; nentis Krall.<\/p>\n<p>Krall ja Saarem\u00e4e on m\u00f5lemad l\u00f5petanud lavakunstikateedri 15. lennu.<\/p>\n<p>&#8220;Mina olin lavakas oma lennus t\u00f5esti vist ainus, kes on muusikaklassi kiituskirjaga l\u00f5petanud akordioni erialal. N\u00fc\u00fcd on minu hobi nullist Teppo l\u00f5\u00f5ts valmis ehitada,&#8221; nentis Krall.<\/p>\n<p>1992. aastal l\u00f5petasid nad teatrikooli, Saarem\u00e4e l\u00e4ks Ugala teatrisse ja Krall Vanalinnastuudiosse vabakutseliseks. K\u00fcmmekond aastat tagasi lavastas Saarem\u00e4e Andrus Kivir\u00e4hki n\u00e4idendit &#8220;Liblikas&#8221;, mis r\u00e4\u00e4kis Estonia teatri s\u00fcnnist ja kutsus Kralli sinna Paul Pinnat m\u00e4ngima.<\/p>\n<p>&#8220;See oli \u00fcle hulga aastate esimene kokkusaamine Kralliga,&#8221; meenutas Saarem\u00e4e.<\/p>\n<p>Eelmisel aastal lavastas Saarem\u00e4e Kivir\u00e4hki &#8220;Kalevipoega&#8221; ja seal oli vaja ka l\u00f5\u00f5tsaga n\u00e4itlejat, kes m\u00e4ngiks Tuuslarit. &#8220;N\u00fc\u00fcd otsustas Tarvo mulle tagasi teha ja oma projektiteatris v\u00e4lja tuua suvelavastuse &#8220;B\u00e4ndiproov&#8221; (autor\u00a0Mart Rekkaro) ja kutsus minu sinna m\u00e4ngima,&#8221; t\u00f5des Saarem\u00e4e.<\/p>\n<p>Lavastus r\u00e4\u00e4gib sellest, et aastak\u00fcmneid p\u00e4rast ansambli lagunemist satuvad kaks rokkmuusikut taas samasse prooviruumi.<\/p>\n<p>&#8220;Ma k\u00e4in isegi Maikeni juures praegu harjutamas, see ei ole lihtne asi,&#8221; s\u00f5nas Krall.<\/p>\n","protected":false},"excerpt":{"rendered":"Lavakunstikooli kursusevennad Tarvo Krall ja \u00dcllar Saarem\u00e4e astuvad suvel \u00fcles lavastuses &#8220;B\u00e4ndiproov&#8221;, mis r\u00e4\u00e4gib vanadest rokipeerudest. Kralli s\u00f5nul&hellip;\n","protected":false},"author":2,"featured_media":193319,"comment_status":"","ping_status":"","sticky":false,"template":"","format":"standard","meta":{"footnotes":"","_share_on_mastodon":"0"},"categories":[16],"tags":[82419,37,33,35,173,34,36,140,82418,9182],"class_list":["post-193318","post","type-post","status-publish","format-standard","has-post-thumbnail","category-meelelahutus","tag-bandiproov","tag-ee","tag-eesti","tag-eesti-keel","tag-entertainment","tag-estonia","tag-estonian","tag-meelelahutus","tag-tarvo-krall","tag-ullar-saaremae"],"share_on_mastodon":{"url":"https:\/\/pubeurope.com\/@ee\/116679330113215879","error":""},"_links":{"self":[{"href":"https:\/\/www.europesays.com\/ee\/wp-json\/wp\/v2\/posts\/193318","targetHints":{"allow":["GET"]}}],"collection":[{"href":"https:\/\/www.europesays.com\/ee\/wp-json\/wp\/v2\/posts"}],"about":[{"href":"https:\/\/www.europesays.com\/ee\/wp-json\/wp\/v2\/types\/post"}],"author":[{"embeddable":true,"href":"https:\/\/www.europesays.com\/ee\/wp-json\/wp\/v2\/users\/2"}],"replies":[{"embeddable":true,"href":"https:\/\/www.europesays.com\/ee\/wp-json\/wp\/v2\/comments?post=193318"}],"version-history":[{"count":0,"href":"https:\/\/www.europesays.com\/ee\/wp-json\/wp\/v2\/posts\/193318\/revisions"}],"wp:featuredmedia":[{"embeddable":true,"href":"https:\/\/www.europesays.com\/ee\/wp-json\/wp\/v2\/media\/193319"}],"wp:attachment":[{"href":"https:\/\/www.europesays.com\/ee\/wp-json\/wp\/v2\/media?parent=193318"}],"wp:term":[{"taxonomy":"category","embeddable":true,"href":"https:\/\/www.europesays.com\/ee\/wp-json\/wp\/v2\/categories?post=193318"},{"taxonomy":"post_tag","embeddable":true,"href":"https:\/\/www.europesays.com\/ee\/wp-json\/wp\/v2\/tags?post=193318"}],"curies":[{"name":"wp","href":"https:\/\/api.w.org\/{rel}","templated":true}]}}