{"id":193349,"date":"2026-06-02T07:53:23","date_gmt":"2026-06-02T07:53:23","guid":{"rendered":"https:\/\/www.europesays.com\/ee\/193349\/"},"modified":"2026-06-02T07:53:23","modified_gmt":"2026-06-02T07:53:23","slug":"euroopa-liit-joudis-kokkuleppele-ebaseaduslike-migrantide-kiirendatud-valjasaatmises-valismaa","status":"publish","type":"post","link":"https:\/\/www.europesays.com\/ee\/193349\/","title":{"rendered":"Euroopa Liit j\u00f5udis kokkuleppele ebaseaduslike migrantide kiirendatud v\u00e4ljasaatmises | V\u00e4lismaa"},"content":{"rendered":"<p>Euroopa Liidu liikmesriikide valitsus esindav n\u00f5ukogu ja Euroopa Parlament saavutasid kokkuleppe m\u00e4\u00e4ruses, mis v\u00f5imaldab kiiremaid menetlusi \u00fchenduse territooriumil ebaseaduslikult viibivate isikute v\u00e4ljasaatmiseks, teatas esmasp\u00e4eval n\u00f5ukogu eesistujariik K\u00fcpros.<\/p>\n<p>N\u00f5ukogu ja europarlamendi l\u00e4bir\u00e4\u00e4kijad leppisid esmasp\u00e4eval kokku uutes reeglites, mis kiirendavad ja suurendavad EL-ist v\u00e4ljasaatmisi, sealhulgas v\u00f5imaldavad saata tagasil\u00fckatud varjupaigataotlejad blokist v\u00e4ljaspool asuvatesse nn tagasip\u00f6\u00f6rdumiskeskustesse.<\/p>\n<p>Kokku lepitud tekst on osa Euroopa Liidu algatatud ulatuslikest reformidest, et suurendada kontrolli selle \u00fcle, kes \u00fcletab EL-i v\u00e4lispiire, ja toetada riike, mis v\u00f5tavad vastu k\u00f5ige rohkem v\u00e4lismaalt saabuvaid migrante. Esmasp\u00e4evane kokkulepe saabus vaid m\u00f5ni p\u00e4ev enne 12. juunit, kui hakkavad kehtima teised r\u00e4nde- ja varjupaigareformi s\u00e4tted.<\/p>\n<p>Esmasp\u00e4evane kokkulepe aitab EL-il taastada kontrolli selle \u00fcle, kes saabub Euroopa Liitu, aga ka selle \u00fcle, kes peab Euroopa Liidust lahkuma, \u00fctles Euroopa Komisjoni r\u00e4ndevolinik Magnus Brunner.<\/p>\n<p>Ta osutas blokist lahkuvate varjupaigataotlejate m\u00e4\u00e4rale, mis EL-i statistikaameti Eurostat hiljutiste andmete kohaselt on umbes 27 protsenti. &#8220;Me peame andma inimestele tunde, et meil on kontroll toimuva \u00fcle,&#8221; \u00fctles ta.<\/p>\n<p>Kokkulepitud teksti kohaselt lubatakse riikidel saata EL-i territooriumilt lahkuma kohustatud inimesi blokist v\u00e4ljapoole j\u00e4\u00e4vatesse nn tagasip\u00f6\u00f6rdumiskeskustesse \u2013 v\u00f5imalus, mida mitmed EL-i riigid juba kaaluvad, kuid kodaniku\u00fchiskonna r\u00fchmitused hoiatavad, et see v\u00f5ib avada ukse suuremale v\u00e4\u00e4rkohtlemisele ja inim\u00f5iguste rikkumistele. <\/p>\n<p>Tekst s\u00e4testab ka rangemad reeglid julgeolekuohuks peetavate inimeste kohtlemiseks, kodude l\u00e4biotsimise v\u00f5imalust, pikaajalisi kinnipidamisi, sisenemiskeelde ja karistusi neile, kes koost\u00f6\u00f6d ei tee.<\/p>\n<p>&#8220;Aastaid saatis Euroopa halvima v\u00f5imaliku s\u00f5numi: isegi kui teil poleks \u00f5igust Euroopas viibida, oli suur t\u00f5en\u00e4osus, et midagi ei juhtu. See ajastu on l\u00f5ppemas. Kui teil pole \u00f5igust Euroopas viibida, peate lahkuma,&#8221; kommenteeris kokkulepet Prantsusmaalt valitud europarlamendi liige Fran\u00e7ois-Xavier Bellamy, kes esindas l\u00e4bir\u00e4\u00e4kimistel paremtsentristlikku Euroopa Rahvaparteid (EPP).<\/p>\n<p>Parlament alustas l\u00e4bir\u00e4\u00e4kimisi seisukohaga, mida toetasid Euroopa Rahvapartei, parempoolsed Euroopa Konservatiivid ja Reformistid (ECR) ning \u00e4\u00e4rmusparempoolsed Euroopa Patrioodid (PfE) ja Suver\u00e4\u00e4nsete Rahvaste Euroopa (ESN) fraktsioonid, hoolimata liberaalsete ja vasakpoolsete fraktsioonide vastuseisust.<\/p>\n<p>Esmasp\u00e4evane kokkulepe toob kaasa ksenofoobset ideoloogiat teeniva juriidilise arsenali, \u00fctles roheliste l\u00e4bir\u00e4\u00e4kija M\u00e9lissa Camara oma kommentaaris. Prantsuslasest parlamendiliige kritiseeris teksti selle eest, et see lubab keskuste asutamist v\u00e4ljaspool Euroopa Liitu, alaealiste kinnipidamist ja tema s\u00f5nul USA immigratsiooni- ja tolliameti (ICE) tavadest inspireeritud koduk\u00fclastusi.<\/p>\n<p>L\u00e4bir\u00e4\u00e4kimised kukkusid eelmisel kuul l\u00e4bi lahkarvamuste t\u00f5ttu uute meetmete rakendamise aja osas. Esmasp\u00e4evase kokkuleppe kohaselt j\u00f5ustuvad teksti m\u00f5ned osad alles aasta p\u00e4rast, kuid m\u00f5ned s\u00e4tted, sealhulgas meetmed, mis v\u00f5imaldavad riikidel luua tagasisaatmiskeskusi, hakkavad kehtima kohe \u2013 see on oluline punkt riikidele, kes s\u00f5lmivad lepinguid nende loomiseks, sealhulgas Hollandile ja Saksamaale.<\/p>\n<p>Marta Welander, Rahvusvahelise Pagulaskomitee EL-i piirkonna direktor, \u00fctles, et plaanid t\u00e4histavad murettekitavat uut peat\u00fckki EL-i l\u00e4henemisviisis varjupaigale ja r\u00e4ndele.<\/p>\n<p>&#8220;See kokkulepe annab valitsustele palju laiemad volitused inimeste kinnipidamiseks ja v\u00e4ljasaatmiseks. See n\u00e4ib normaliseerivat immigratsioonireide, laiendavat kinnipidamist vanglalaadsetes asutustes v\u00e4ljaspool EL-i territooriumi, mis on sisuliselt legaalsed mustad augud, ning suurendavat ohtu, et inimesed saadetakse v\u00e4lja riikidesse, kus neid v\u00f5idakse taga kiusata, piinata v\u00f5i millegi veel hullemaga silmitsi seista,&#8221; \u00fctles ta.<\/p>\n<p>Nii n\u00f5ukogu kui ka parlament peavad kokkulepitud teksti veel oma t\u00e4iskogul heaks kiitma, kuid tavaliselt on see siiski k\u00f5igest formaalsus.<\/p>\n","protected":false},"excerpt":{"rendered":"Euroopa Liidu liikmesriikide valitsus esindav n\u00f5ukogu ja Euroopa Parlament saavutasid kokkuleppe m\u00e4\u00e4ruses, mis v\u00f5imaldab kiiremaid menetlusi \u00fchenduse territooriumil&hellip;\n","protected":false},"author":2,"featured_media":193350,"comment_status":"","ping_status":"","sticky":false,"template":"","format":"standard","meta":{"footnotes":"","_share_on_mastodon":"0"},"categories":[5],"tags":[26,27,37,33,35,34,36,590,31,32,21,82423,129,28,29,19,25,82425,23,24,79020,22,20,82424,30],"class_list":["post-193349","post","type-post","status-publish","format-standard","has-post-thumbnail","category-uldised-uudised","tag-breaking-news","tag-breakingnews","tag-ee","tag-eesti","tag-eesti-keel","tag-estonia","tag-estonian","tag-euroopa-liit","tag-featured-news","tag-featurednews","tag-headlines","tag-illegaalne-immigratsioon","tag-immigratsioon","tag-latest-news","tag-latestnews","tag-news","tag-populaarseimad-lood","tag-rande-piiramine","tag-top-stories","tag-topstories","tag-triloog","tag-uldised-uudised","tag-uudised","tag-valjasaatmiskeskus","tag-viimased-uudised"],"share_on_mastodon":{"url":"https:\/\/pubeurope.com\/@ee\/116679436186927786","error":""},"_links":{"self":[{"href":"https:\/\/www.europesays.com\/ee\/wp-json\/wp\/v2\/posts\/193349","targetHints":{"allow":["GET"]}}],"collection":[{"href":"https:\/\/www.europesays.com\/ee\/wp-json\/wp\/v2\/posts"}],"about":[{"href":"https:\/\/www.europesays.com\/ee\/wp-json\/wp\/v2\/types\/post"}],"author":[{"embeddable":true,"href":"https:\/\/www.europesays.com\/ee\/wp-json\/wp\/v2\/users\/2"}],"replies":[{"embeddable":true,"href":"https:\/\/www.europesays.com\/ee\/wp-json\/wp\/v2\/comments?post=193349"}],"version-history":[{"count":0,"href":"https:\/\/www.europesays.com\/ee\/wp-json\/wp\/v2\/posts\/193349\/revisions"}],"wp:featuredmedia":[{"embeddable":true,"href":"https:\/\/www.europesays.com\/ee\/wp-json\/wp\/v2\/media\/193350"}],"wp:attachment":[{"href":"https:\/\/www.europesays.com\/ee\/wp-json\/wp\/v2\/media?parent=193349"}],"wp:term":[{"taxonomy":"category","embeddable":true,"href":"https:\/\/www.europesays.com\/ee\/wp-json\/wp\/v2\/categories?post=193349"},{"taxonomy":"post_tag","embeddable":true,"href":"https:\/\/www.europesays.com\/ee\/wp-json\/wp\/v2\/tags?post=193349"}],"curies":[{"name":"wp","href":"https:\/\/api.w.org\/{rel}","templated":true}]}}