{"id":193362,"date":"2026-06-02T08:13:12","date_gmt":"2026-06-02T08:13:12","guid":{"rendered":"https:\/\/www.europesays.com\/ee\/193362\/"},"modified":"2026-06-02T08:13:12","modified_gmt":"2026-06-02T08:13:12","slug":"usa-s-iowa-osariigis-lasi-mees-peretuli-tottu-maha-kuus-inimest-ja-iseenda","status":"publish","type":"post","link":"https:\/\/www.europesays.com\/ee\/193362\/","title":{"rendered":"USA-s Iowa osariigis lasi mees peret\u00fcli t\u00f5ttu maha kuus inimest ja iseenda"},"content":{"rendered":"<p>M\u00f5rvad leidsid aset eile kahes elamus ja \u00fches \u00e4rihoones Muscatine\u2019i linnas, teatas politsei, vahendab ABC News.<\/p>\n<p>Neli ohvrit tapeti \u00fches elamus, teatas politsei. Tulistamisest teatati kohaliku aja j\u00e4rgi kell 12.12.<\/p>\n<p>Kahtlusalune, 52-aastane kohalik elanik Ryan Willis McFarland oli enne politsei saabumist kodust lahkunud. Ta leiti l\u00e4hedalt Mississippi j\u00f5e \u00e4\u00e4rest.<\/p>\n<p>Kui politseinikud McFarlandiga r\u00e4\u00e4kisid, v\u00f5ttis ta endalt elu.<\/p>\n<p>Juurdluse k\u00e4igus saadi teada, et v\u00f5ib olla veel ohvreid, ja seej\u00e4rel leitigi kaks meest kuulihaavadega surnuna. \u00dcks leiti teisest elamust ja teine l\u00e4hedalt \u00e4rihoonest.<\/p>\n<p>Esialgsetel andmetel oli tulistamine seotud peret\u00fcliga, teatas Muscatine\u2019i politsei. K\u00f5ik ohvrid arvatakse olevat kahtlusaluse perekonnaliikmed.<\/p>\n<p>Politsei teatel oli kahtlusalusel kuritegelik minevik.<\/p>\n<p>Kuidas see lugu Sind end tundma pani? Saada <a href=\"https:\/\/www.delfi.ee\/artikkel\/120587941\/usa-s-iowa-osariigis-lasi-mees-peretuli-tottu-maha-kuus-inimest-ja-iseenda\/kommentaarid\" class=\"article-body-bottom__comment article-body-bottom__comment--write button button--primary button--size-auto\" rel=\"nofollow noopener\" target=\"_blank\"> Kommenteeri <\/a><a href=\"https:\/\/www.delfi.ee\/artikkel\/120587941\/usa-s-iowa-osariigis-lasi-mees-peretuli-tottu-maha-kuus-inimest-ja-iseenda\/kommentaarid\" class=\"article-body-bottom__comment article-body-bottom__comment--read button button--size-auto\" rel=\"nofollow noopener\" target=\"_blank\"> Loe kommentaare (1)<\/a><\/p>\n","protected":false},"excerpt":{"rendered":"M\u00f5rvad leidsid aset eile kahes elamus ja \u00fches \u00e4rihoones Muscatine\u2019i linnas, teatas politsei, vahendab ABC News. Neli ohvrit&hellip;\n","protected":false},"author":2,"featured_media":193363,"comment_status":"","ping_status":"","sticky":false,"template":"","format":"standard","meta":{"footnotes":"","_share_on_mastodon":"0"},"categories":[80],"tags":[26,27,37,33,35,34,36,31,32,21,46187,28,29,95,19,25,23,24,22,325,20,30,92,93,94],"class_list":["post-193362","post","type-post","status-publish","format-standard","has-post-thumbnail","category-maailm","tag-breaking-news","tag-breakingnews","tag-ee","tag-eesti","tag-eesti-keel","tag-estonia","tag-estonian","tag-featured-news","tag-featurednews","tag-headlines","tag-iowa","tag-latest-news","tag-latestnews","tag-maailm","tag-news","tag-populaarseimad-lood","tag-top-stories","tag-topstories","tag-uldised-uudised","tag-usa","tag-uudised","tag-viimased-uudised","tag-world","tag-world-news","tag-worldnews"],"share_on_mastodon":{"url":"https:\/\/pubeurope.com\/@ee\/116679515129013632","error":""},"_links":{"self":[{"href":"https:\/\/www.europesays.com\/ee\/wp-json\/wp\/v2\/posts\/193362","targetHints":{"allow":["GET"]}}],"collection":[{"href":"https:\/\/www.europesays.com\/ee\/wp-json\/wp\/v2\/posts"}],"about":[{"href":"https:\/\/www.europesays.com\/ee\/wp-json\/wp\/v2\/types\/post"}],"author":[{"embeddable":true,"href":"https:\/\/www.europesays.com\/ee\/wp-json\/wp\/v2\/users\/2"}],"replies":[{"embeddable":true,"href":"https:\/\/www.europesays.com\/ee\/wp-json\/wp\/v2\/comments?post=193362"}],"version-history":[{"count":0,"href":"https:\/\/www.europesays.com\/ee\/wp-json\/wp\/v2\/posts\/193362\/revisions"}],"wp:featuredmedia":[{"embeddable":true,"href":"https:\/\/www.europesays.com\/ee\/wp-json\/wp\/v2\/media\/193363"}],"wp:attachment":[{"href":"https:\/\/www.europesays.com\/ee\/wp-json\/wp\/v2\/media?parent=193362"}],"wp:term":[{"taxonomy":"category","embeddable":true,"href":"https:\/\/www.europesays.com\/ee\/wp-json\/wp\/v2\/categories?post=193362"},{"taxonomy":"post_tag","embeddable":true,"href":"https:\/\/www.europesays.com\/ee\/wp-json\/wp\/v2\/tags?post=193362"}],"curies":[{"name":"wp","href":"https:\/\/api.w.org\/{rel}","templated":true}]}}