{"id":193582,"date":"2026-06-02T12:24:10","date_gmt":"2026-06-02T12:24:10","guid":{"rendered":"https:\/\/www.europesays.com\/ee\/193582\/"},"modified":"2026-06-02T12:24:10","modified_gmt":"2026-06-02T12:24:10","slug":"fotod-grete-kuld-tuli-tv3-telesuve-esitlusele-koos-jurgen-parnsalu-ja-tutrega","status":"publish","type":"post","link":"https:\/\/www.europesays.com\/ee\/193582\/","title":{"rendered":"FOTOD | Grete Kuld tuli TV3 telesuve esitlusele koos J\u00fcrgen P\u00e4rnsalu ja t\u00fctrega"},"content":{"rendered":"<p>Suhtesahinate keerisesse sattunud J\u00fcrgen P\u00e4rnsalu ja Grete Kuld p\u00fc\u00fcdsid pilke TV3 telesuve \u00fcritusel. <a rel=\"noopener nofollow\" target=\"_blank\" href=\"https:\/\/www.delfi.ee\/teema\/56499454\/star-fm\" tag-id=\"56499454\">Star FMis<\/a> koos t\u00f6\u00f6tavad eetrih\u00e4\u00e4led j\u00e4id koos ka pildile ning paistsid teineteise seltsi nautivat. Grete oli kaasa v\u00f5tnud ka t\u00fctre Saara. J\u00fcrgen seisis Grete taga ning nende poosid r\u00e4\u00e4kisid sama keelt: m\u00f5lemad olid ristanud \u00fche jala teise ette. <\/p>\n<p>Grete viibis TV3 suvesaadete tutvustusel seet\u00f5ttu, et juhib koos raadioh\u00e4\u00e4le J\u00fcri Pootsmanniga saadet \u201eJ\u00fcri ja Gretega k\u00fclast k\u00fclla\u201c. Selles v\u00f5tavad nad ette suvise r\u00e4nnaku Eesti eri paigus, et piiluda tuntud inimeste kodudesse, suvetoimetustesse, k\u00f6\u00f6kidesse ja k\u00fcladesse. Saade on TV3 eetris esmasp\u00e4eva \u00f5htuti. <\/p>\n<p>Oled juba tellija?Logi sisse<\/p>\n<p><a href=\"https:\/\/kroonika.delfi.ee\/artikkel\/120588001\/fotod-grete-kuld-tuli-tv3-telesuve-esitlusele-koos-jurgen-parnsalu-ja-tutrega\/kommentaarid\" class=\"article-body-bottom__comment article-body-bottom__comment--write button button--primary button--size-auto\" rel=\"nofollow noopener\" target=\"_blank\"> Kommenteeri <\/a><a href=\"https:\/\/kroonika.delfi.ee\/artikkel\/120588001\/fotod-grete-kuld-tuli-tv3-telesuve-esitlusele-koos-jurgen-parnsalu-ja-tutrega\/kommentaarid\" class=\"article-body-bottom__comment article-body-bottom__comment--read button button--size-auto\" rel=\"nofollow noopener\" target=\"_blank\"> Loe kommentaare (9)<\/a><\/p>\n","protected":false},"excerpt":{"rendered":"Suhtesahinate keerisesse sattunud J\u00fcrgen P\u00e4rnsalu ja Grete Kuld p\u00fc\u00fcdsid pilke TV3 telesuve \u00fcritusel. Star FMis koos t\u00f6\u00f6tavad eetrih\u00e4\u00e4led&hellip;\n","protected":false},"author":2,"featured_media":193583,"comment_status":"","ping_status":"","sticky":false,"template":"","format":"standard","meta":{"footnotes":"","_share_on_mastodon":"0"},"categories":[16],"tags":[37,33,35,173,34,36,1597,1598,140,2022,28599,257],"class_list":["post-193582","post","type-post","status-publish","format-standard","has-post-thumbnail","category-meelelahutus","tag-ee","tag-eesti","tag-eesti-keel","tag-entertainment","tag-estonia","tag-estonian","tag-grete-kuld","tag-jurgen-parnsalu","tag-meelelahutus","tag-star-fm","tag-tallinna-kaubamaja","tag-tv3"],"share_on_mastodon":{"url":"https:\/\/pubeurope.com\/@ee\/116680501932239464","error":""},"_links":{"self":[{"href":"https:\/\/www.europesays.com\/ee\/wp-json\/wp\/v2\/posts\/193582","targetHints":{"allow":["GET"]}}],"collection":[{"href":"https:\/\/www.europesays.com\/ee\/wp-json\/wp\/v2\/posts"}],"about":[{"href":"https:\/\/www.europesays.com\/ee\/wp-json\/wp\/v2\/types\/post"}],"author":[{"embeddable":true,"href":"https:\/\/www.europesays.com\/ee\/wp-json\/wp\/v2\/users\/2"}],"replies":[{"embeddable":true,"href":"https:\/\/www.europesays.com\/ee\/wp-json\/wp\/v2\/comments?post=193582"}],"version-history":[{"count":0,"href":"https:\/\/www.europesays.com\/ee\/wp-json\/wp\/v2\/posts\/193582\/revisions"}],"wp:featuredmedia":[{"embeddable":true,"href":"https:\/\/www.europesays.com\/ee\/wp-json\/wp\/v2\/media\/193583"}],"wp:attachment":[{"href":"https:\/\/www.europesays.com\/ee\/wp-json\/wp\/v2\/media?parent=193582"}],"wp:term":[{"taxonomy":"category","embeddable":true,"href":"https:\/\/www.europesays.com\/ee\/wp-json\/wp\/v2\/categories?post=193582"},{"taxonomy":"post_tag","embeddable":true,"href":"https:\/\/www.europesays.com\/ee\/wp-json\/wp\/v2\/tags?post=193582"}],"curies":[{"name":"wp","href":"https:\/\/api.w.org\/{rel}","templated":true}]}}