{"id":193597,"date":"2026-06-02T12:37:43","date_gmt":"2026-06-02T12:37:43","guid":{"rendered":"https:\/\/www.europesays.com\/ee\/193597\/"},"modified":"2026-06-02T12:37:43","modified_gmt":"2026-06-02T12:37:43","slug":"as-ekspress-grupp-korralise-uldkoosoleku-otsused","status":"publish","type":"post","link":"https:\/\/www.europesays.com\/ee\/193597\/","title":{"rendered":"AS Ekspress Grupp korralise \u00fcldkoosoleku otsused"},"content":{"rendered":"<p align=\"justify\">1. juunil 2026. aastal toimus Tallinnas Narva mnt 13 ASi Ekspress Grupp aktsion\u00e4ride korraline \u00fcldkoosolek.<\/p>\n<p align=\"justify\">30\u00a0956\u00a0312 h\u00e4\u00e4le\u00f5iguslikust h\u00e4\u00e4lest oli koosolekul esindatud 29\u00a0763 773 h\u00e4\u00e4lt ehk 96,15% h\u00e4\u00e4ltest.<\/p>\n<p>ASi Ekspress Grupp aktsion\u00e4ride \u00fcldkoosolek otsustas.\u00a0<\/p>\n<p>1.\u00a0\u00a0\u00a0\u00a0\u00a0V\u00e4hemusaktsion\u00e4ridele kuuluvate aktsiate \u00fclev\u00f5tmine rahalise h\u00fcvitise eest<\/p>\n<p align=\"justify\">Kiita heaks ja viia l\u00e4bi Ekspress Grupi p\u00f5hiaktsion\u00e4ri HHL R\u00fchm Osa\u00fching (registrikood 10743222, aadress Parda tn 6, 10151 Tallinn) poolt Ekspress Grupi \u00fclej\u00e4\u00e4nud aktsion\u00e4ridele (\u201cV\u00e4hemusaktsion\u00e4rid\u201d) kuuluvate Ekspress Grupi aktsiate \u00fclev\u00f5tmine vastavalt \u00e4riseadustiku \u00a7\u00a03631 ja \u00a7 3637 allj\u00e4rgnevatel tingimustel:<\/p>\n<ol style=\"list-style-type:lower-roman;\">\n<li style=\"margin-top:6pt; margin-bottom:6pt; text-align:justify;\">V\u00e4hemusaktsion\u00e4ridele makstav h\u00fcvitis on 1,26 eurot iga \u00fclev\u00f5etud aktsia kohta;<\/li>\n<\/ol>\n<p align=\"justify\">\u00a0 \u00a0 \u00a0ii. \u00dclev\u00f5etavate aktsiate \u00fclekandmise V\u00e4hemusaktsion\u00e4ridelt HHL R\u00fchm Osa\u00fchingule ning h\u00fcvitise \u00fclekandmise V\u00e4hemusaktsion\u00e4ridele korraldab Eesti v\u00e4\u00e4rtpaberite registri pidaja (\u201eEVR\u201c) Ekspress Grupi juhatuse avalduse alusel. Nimetatud avalduse esitab juhatus EVR-ile \u00fche kuu m\u00f6\u00f6dumisel k\u00e4esoleva otsuse vastuv\u00f5tmisest. H\u00fcvitis kuulub V\u00e4hemusaktsion\u00e4ridele tasumisele samaaegselt \u00fclev\u00f5etavate aktsiate \u00fclekandmisega HHL R\u00fchm Osa\u00fchingule.<\/p>\n<p>2.\u00a0\u00a0\u00a0\u00a0\u00a0Ekspress Grupi aktsiatega kauplemise l\u00f5petamine Nasdaq Tallinna B\u00f6rsil<\/p>\n<p align=\"justify\">L\u00f5petada Ekspress Grupi aktsiatega kauplemine Nasdaq Tallinna B\u00f6rsi Balti p\u00f5hinimekirjas ja esitada vastav taotlus Nasdaq Tallinna B\u00f6rsi Noteerimis- ja J\u00e4relevalvekomisjonile.<\/p>\n<p>3.\u00a0Ekspress Grupi 2025. majandusaasta aruande ja kasumi jaotamise ettepaneku kinnitamine<\/p>\n<p>Kinnitada Ekspress Grupi 01.01.2025\u201331.12.2025 majandusaasta aruanne ja kasumi jaotamise ettepanek.<br \/>Jaotada 1,031 miljonit eurot j\u00e4rgmiselt:<\/p>\n<ul>\n<li style=\"margin-top:6pt; margin-bottom:6pt; text-align:justify;\">suurendada kohustuslikku reservkapitali 0,003 miljoni euro v\u00f5rra;<\/li>\n<li style=\"margin-top:6pt; margin-bottom:6pt; text-align:justify;\">kanda \u00fclej\u00e4\u00e4nud 1,028 miljonit eurot eelmiste perioodide jaotamata kasumisse.<\/li>\n<\/ul>\n<p align=\"justify\">ASi Ekspress Grupp juhatuse poolt aktsion\u00e4ride \u00fcldkoosolekul kasutatud presentatsioon on lisatud b\u00f6rsiteatele.<\/p>\n<p>Liina Liiv<br \/>juhatuse esimees\u00a0<br \/>+372 5556 1785\u00a0<br \/>liina.liiv@egrupp.ee\u00a0<\/p>\n<p>AS Ekspress Grupp on Baltimaade juhtiv meediakontsern, mille tegevus h\u00f5lmab veebimeedia sisutootmist ning ajalehtede, ajakirjade ja raamatute kirjastamist. Samuti haldab kontsern elektroonilist piletim\u00fc\u00fcgiplatvormi ja piletim\u00fc\u00fcgikohtasid ning pakub v\u00e4liekraanide teenust Eestis ja L\u00e4tis. Ekspress Grupp alustas oma tegevust 1989. aastal ja annab t\u00f6\u00f6d ligi 1000 inimesele.<\/p>\n<ul id=\"gnw_attachments_section-items\">\n<li>\n        <a target=\"_blank\" href=\"https:\/\/www.globenewswire.com\/Tracker?data=KO8J1dW1a3x2hOuCkcZwbG2HOSF5WIljnKy4pwqt3z8dNidb1mMsndsrT9xiQmmKQVDgwxr9ef1BvVGBQyhTicBTzKZzWpOpILpa_YaZINlTcBiK-5kkE_rAyldDeKPgg0D4N3wF2Uzdxwffzi7R2BP-AFt0pfvda-S8bSbgtDDilf1yJxj4esZMbJtth_Je\" title=\"2026-06-01 AGM presentatsioon EST\" rel=\"nofollow noopener\">2026-06-01 AGM presentatsioon EST<\/a>\n      <\/li>\n<\/ul>\n<p><img decoding=\"async\" alt=\"\" src=\"https:\/\/www.europesays.com\/ee\/wp-content\/uploads\/2026\/06\/Ekspress-Grupp.png\" referrerpolicy=\"no-referrer-when-downgrade\"\/><\/p>\n","protected":false},"excerpt":{"rendered":"1. juunil 2026. aastal toimus Tallinnas Narva mnt 13 ASi Ekspress Grupp aktsion\u00e4ride korraline \u00fcldkoosolek. 30\u00a0956\u00a0312 h\u00e4\u00e4le\u00f5iguslikust h\u00e4\u00e4lest&hellip;\n","protected":false},"author":2,"featured_media":7222,"comment_status":"","ping_status":"","sticky":false,"template":"","format":"standard","meta":{"footnotes":"","_share_on_mastodon":"0"},"categories":[14],"tags":[131,130,37,33,35,5674,34,36,5673],"class_list":["post-193597","post","type-post","status-publish","format-standard","has-post-thumbnail","category-ari","tag-ari","tag-business","tag-ee","tag-eesti","tag-eesti-keel","tag-ekspress-grupp","tag-estonia","tag-estonian","tag-tallinn-stock-exchangeeeg1t"],"share_on_mastodon":{"url":"https:\/\/pubeurope.com\/@ee\/116680553331237420","error":""},"_links":{"self":[{"href":"https:\/\/www.europesays.com\/ee\/wp-json\/wp\/v2\/posts\/193597","targetHints":{"allow":["GET"]}}],"collection":[{"href":"https:\/\/www.europesays.com\/ee\/wp-json\/wp\/v2\/posts"}],"about":[{"href":"https:\/\/www.europesays.com\/ee\/wp-json\/wp\/v2\/types\/post"}],"author":[{"embeddable":true,"href":"https:\/\/www.europesays.com\/ee\/wp-json\/wp\/v2\/users\/2"}],"replies":[{"embeddable":true,"href":"https:\/\/www.europesays.com\/ee\/wp-json\/wp\/v2\/comments?post=193597"}],"version-history":[{"count":0,"href":"https:\/\/www.europesays.com\/ee\/wp-json\/wp\/v2\/posts\/193597\/revisions"}],"wp:featuredmedia":[{"embeddable":true,"href":"https:\/\/www.europesays.com\/ee\/wp-json\/wp\/v2\/media\/7222"}],"wp:attachment":[{"href":"https:\/\/www.europesays.com\/ee\/wp-json\/wp\/v2\/media?parent=193597"}],"wp:term":[{"taxonomy":"category","embeddable":true,"href":"https:\/\/www.europesays.com\/ee\/wp-json\/wp\/v2\/categories?post=193597"},{"taxonomy":"post_tag","embeddable":true,"href":"https:\/\/www.europesays.com\/ee\/wp-json\/wp\/v2\/tags?post=193597"}],"curies":[{"name":"wp","href":"https:\/\/api.w.org\/{rel}","templated":true}]}}