{"id":193614,"date":"2026-06-02T12:52:12","date_gmt":"2026-06-02T12:52:12","guid":{"rendered":"https:\/\/www.europesays.com\/ee\/193614\/"},"modified":"2026-06-02T12:52:12","modified_gmt":"2026-06-02T12:52:12","slug":"vikerkaar-%e2%9f%a9-munaloopija-paases-politseimajast-koju-ja-molotovi-kokteili-meenutanud-pudel-karistust-ei-too","status":"publish","type":"post","link":"https:\/\/www.europesays.com\/ee\/193614\/","title":{"rendered":"VIKERKAAR \u27e9 Munaloopija p\u00e4\u00e4ses politseimajast koju ja Molotovi kokteili meenutanud pudel karistust ei too"},"content":{"rendered":"<p>Vikerkaarev\u00e4rvilise kanga lahtirullimise \u00fcritusel Viljandis Ugala tiigi kaldal mune loopinud purjus mees viidi politseimajja kainenema ning hommikul lubati ta koju. Ka kaasav\u00f5etud s\u00fc\u00fctepudel ei too kaasa sekeldusi, sest mehe tegevusest ei saanud v\u00e4lja lugeda, et ta oleks soovinud seda kasutada.<\/p>\n<p>Kainenema viimisega ei kaasne mingeid menetlustoiminguid, ei m\u00e4\u00e4rata trahvi ega muid karistusi.<\/p>\n","protected":false},"excerpt":{"rendered":"Vikerkaarev\u00e4rvilise kanga lahtirullimise \u00fcritusel Viljandis Ugala tiigi kaldal mune loopinud purjus mees viidi politseimajja kainenema ning hommikul lubati&hellip;\n","protected":false},"author":2,"featured_media":193615,"comment_status":"","ping_status":"","sticky":false,"template":"","format":"standard","meta":{"footnotes":"","_share_on_mastodon":"0"},"categories":[5],"tags":[26,27,37,33,35,34,36,31,32,21,28,29,11864,19,25,1263,77275,23,24,22,20,30,81642],"class_list":["post-193614","post","type-post","status-publish","format-standard","has-post-thumbnail","category-uldised-uudised","tag-breaking-news","tag-breakingnews","tag-ee","tag-eesti","tag-eesti-keel","tag-estonia","tag-estonian","tag-featured-news","tag-featurednews","tag-headlines","tag-latest-news","tag-latestnews","tag-munad","tag-news","tag-populaarseimad-lood","tag-protest","tag-suutepudel","tag-top-stories","tag-topstories","tag-uldised-uudised","tag-uudised","tag-viimased-uudised","tag-vikerkaarevarviline-kangas"],"share_on_mastodon":{"url":"https:\/\/pubeurope.com\/@ee\/116680611959962819","error":""},"_links":{"self":[{"href":"https:\/\/www.europesays.com\/ee\/wp-json\/wp\/v2\/posts\/193614","targetHints":{"allow":["GET"]}}],"collection":[{"href":"https:\/\/www.europesays.com\/ee\/wp-json\/wp\/v2\/posts"}],"about":[{"href":"https:\/\/www.europesays.com\/ee\/wp-json\/wp\/v2\/types\/post"}],"author":[{"embeddable":true,"href":"https:\/\/www.europesays.com\/ee\/wp-json\/wp\/v2\/users\/2"}],"replies":[{"embeddable":true,"href":"https:\/\/www.europesays.com\/ee\/wp-json\/wp\/v2\/comments?post=193614"}],"version-history":[{"count":0,"href":"https:\/\/www.europesays.com\/ee\/wp-json\/wp\/v2\/posts\/193614\/revisions"}],"wp:featuredmedia":[{"embeddable":true,"href":"https:\/\/www.europesays.com\/ee\/wp-json\/wp\/v2\/media\/193615"}],"wp:attachment":[{"href":"https:\/\/www.europesays.com\/ee\/wp-json\/wp\/v2\/media?parent=193614"}],"wp:term":[{"taxonomy":"category","embeddable":true,"href":"https:\/\/www.europesays.com\/ee\/wp-json\/wp\/v2\/categories?post=193614"},{"taxonomy":"post_tag","embeddable":true,"href":"https:\/\/www.europesays.com\/ee\/wp-json\/wp\/v2\/tags?post=193614"}],"curies":[{"name":"wp","href":"https:\/\/api.w.org\/{rel}","templated":true}]}}